{"id":109,"date":"2007-11-24T06:35:00","date_gmt":"2007-11-24T05:35:00","guid":{"rendered":"http:\/\/illustration.ya-graphic.com\/2007\/11\/petite-miette-de-vent-small-wind-crumb-suite\/"},"modified":"2007-11-24T06:35:00","modified_gmt":"2007-11-24T05:35:00","slug":"petite-miette-de-vent-small-wind-crumb-suite","status":"publish","type":"post","link":"https:\/\/www.artsgraphiques.net\/en\/petite-miette-de-vent-small-wind-crumb-suite\/","title":{"rendered":"Dessin : Petite Miette de Vent &#8211; Small Wind crumb. (suite)"},"content":{"rendered":"<div style=\"text-align: center;\"><img fetchpriority=\"high\" decoding=\"async\" class=\"aligncenter size-full wp-image-363\" title=\"Petite Miette de Vent\" src=\"http:\/\/www.artsgraphiques.net\/wp-content\/uploads\/2007\/11\/Miette-de-vent5_ya-graphic1.jpg\" alt=\"Dessin insecte volant - Petite Miette de Vent\" width=\"285\" height=\"400\" srcset=\"https:\/\/www.artsgraphiques.net\/wp-content\/uploads\/2007\/11\/Miette-de-vent5_ya-graphic1.jpg 285w, https:\/\/www.artsgraphiques.net\/wp-content\/uploads\/2007\/11\/Miette-de-vent5_ya-graphic1-213x300.jpg 213w\" sizes=\"(max-width: 285px) 100vw, 285px\" \/>Petite Miette de Vent \/ <span style=\"font-style: italic; color: #ff6600;\">Small Wind crumb<\/span>. <span style=\"font-size: 78%;\">Ya-graphic<\/p>\n<p><\/span><\/div>\n<div style=\"text-align: justify;\">&#8211; Eh toi, dans le noir. Qui es-tu ?<br \/>\n&#8211; Je suis Petite Miette de Vent.<br \/>\n&#8211; Quoi ? Petite Miette de Vent ? C&rsquo;est peu commun comme nom.<br \/>\n&#8211; Oui, c&rsquo;est ma m\u00e8re qui me l&rsquo;a donn\u00e9. \u00c0 ma naissance j&rsquo;\u00e9tais toute petite, aussi minuscule qu&rsquo;une poussi\u00e8re.<br \/>\n&#8211; Une poussi\u00e8re&#8230; poussi\u00e8re d&rsquo;\u00e9toile !<br \/>\n&#8211; C&rsquo;est aussi joli, mais je pr\u00e9f\u00e8re Petite Miette de Vent !<br \/>\n&#8211; D&rsquo;accord, c&rsquo;est parfait comme \u00e7a.<br \/>\n&#8211; Et toi qui es-tu ?<br \/>\n&#8211; Eh bien moi je suis le Vent. Avant de souffler sur chaque chose, je demande d&rsquo;abord \u00e0 qui vais-je avoir l&rsquo;honneur de souffler. Je souffle l&rsquo;herbe, les feuilles, les arbres, les hommes, bref tout sur mon passage. Et toi aussi.<\/div>\n<p><span style=\"font-size: 78%;\">Ya-graphic<\/span><\/p>\n<p>&#8212;<\/p>\n<p>In english :<\/p>\n<div style=\"text-align: justify;\"><span style=\"font-style: italic; color: #ff6600;\">&#8211; Hey you, in the dark. Who are you ?<\/span> <span style=\"font-style: italic; color: #ff6600;\"><br \/>\n&#8211; My name is Small Wind Crumb.<\/span><br \/>\n<span style=\"font-style: italic; color: #ff6600;\">&#8211; What ? Small Wind Crumb ? I think it is an unusual name.<\/span> <span style=\"font-style: italic; color: #ff6600;\"><br \/>\n&#8211; Yes, it&rsquo;s my mother who gave me. When I was born I was very very small, so tiny as dust.<\/span><br \/>\n<span style=\"font-style: italic; color: #ff6600;\">&#8211; A dust&#8230; Star dust !<\/span> <span style=\"font-style: italic; color: #ff6600;\"><br \/>\n&#8211; It is nice too, but I prefer Small Wind Crumb !<\/span><br \/>\n<span style=\"font-style: italic; color: #ff6600;\">&#8211; Okay, it is perfect like that.<\/span> <span style=\"font-style: italic; color: #ff6600;\"><br \/>\n&#8211; And you, who are you ?<\/span> <span style=\"font-style: italic; color: #ff6600;\"><br \/>\n&#8211; Well, I am the Wind. Before blowing on everything, I ask first to whom I beg to blow. I breath grass, leaves, trees, people, everything on my way. And you too.<\/p>\n<p><\/span><\/div>\n<p><span style=\"font-size: 78%;\"><span style=\"font-style: italic; color: #ff6600;\">Ya-graphic<\/span><\/span><\/p>","protected":false},"excerpt":{"rendered":"<p>Petite Miette de Vent \/ Small Wind crumb. Ya-graphic &#8211;&hellip;<\/p>\n<p> <a class=\"more-link\" href=\"https:\/\/www.artsgraphiques.net\/en\/petite-miette-de-vent-small-wind-crumb-suite\/\">Read more<\/a><\/p>","protected":false},"author":1,"featured_media":0,"comment_status":"closed","ping_status":"open","sticky":false,"template":"","format":"standard","meta":{"footnotes":""},"categories":[7],"tags":[124,141],"class_list":{"0":"post-109","1":"post","2":"type-post","3":"status-publish","4":"format-standard","6":"category-illustration","7":"tag-dessin","8":"tag-dessin-insecte"},"aioseo_notices":[],"_links":{"self":[{"href":"https:\/\/www.artsgraphiques.net\/en\/wp-json\/wp\/v2\/posts\/109","targetHints":{"allow":["GET"]}}],"collection":[{"href":"https:\/\/www.artsgraphiques.net\/en\/wp-json\/wp\/v2\/posts"}],"about":[{"href":"https:\/\/www.artsgraphiques.net\/en\/wp-json\/wp\/v2\/types\/post"}],"author":[{"embeddable":true,"href":"https:\/\/www.artsgraphiques.net\/en\/wp-json\/wp\/v2\/users\/1"}],"replies":[{"embeddable":true,"href":"https:\/\/www.artsgraphiques.net\/en\/wp-json\/wp\/v2\/comments?post=109"}],"version-history":[{"count":0,"href":"https:\/\/www.artsgraphiques.net\/en\/wp-json\/wp\/v2\/posts\/109\/revisions"}],"wp:attachment":[{"href":"https:\/\/www.artsgraphiques.net\/en\/wp-json\/wp\/v2\/media?parent=109"}],"wp:term":[{"taxonomy":"category","embeddable":true,"href":"https:\/\/www.artsgraphiques.net\/en\/wp-json\/wp\/v2\/categories?post=109"},{"taxonomy":"post_tag","embeddable":true,"href":"https:\/\/www.artsgraphiques.net\/en\/wp-json\/wp\/v2\/tags?post=109"}],"curies":[{"name":"wp","href":"https:\/\/api.w.org\/{rel}","templated":true}]}}