{"id":152,"date":"2008-04-13T21:56:00","date_gmt":"2008-04-13T20:56:00","guid":{"rendered":"http:\/\/illustration.ya-graphic.com\/2008\/04\/tasse-de-cafe-carte-dinvitation\/"},"modified":"2008-04-13T21:56:00","modified_gmt":"2008-04-13T20:56:00","slug":"tasse-de-cafe-carte-dinvitation","status":"publish","type":"post","link":"https:\/\/www.artsgraphiques.net\/en\/tasse-de-cafe-carte-dinvitation\/","title":{"rendered":"Tasse de caf\u00e9 : carte d&rsquo;invitation"},"content":{"rendered":"<div style=\"text-align: justify;\"><img fetchpriority=\"high\" decoding=\"async\" class=\"aligncenter size-full wp-image-557\" title=\"Tasse de caf\u00e9\" src=\"http:\/\/www.artsgraphiques.net\/wp-content\/uploads\/2008\/04\/tasse-de-cafe1.png\" alt=\"Carte de voeux - Dessin tasse de caf\u00e9\" width=\"283\" height=\"397\" srcset=\"https:\/\/www.artsgraphiques.net\/wp-content\/uploads\/2008\/04\/tasse-de-cafe1.png 283w, https:\/\/www.artsgraphiques.net\/wp-content\/uploads\/2008\/04\/tasse-de-cafe1-213x300.png 213w\" sizes=\"(max-width: 283px) 100vw, 283px\" \/>Une petite nouveaut\u00e9. J&rsquo;avais d\u00e9j\u00e0 dessin\u00e9 une <a href=\"http:\/\/www.artsgraphiques.net\/en\/2008\/02\/consommer-sans-moderation\/\">tasse de th\u00e9 verte<\/a> \u00e0 l&rsquo;occasion de la <span style=\"font-weight: bold;\">Saint Valentin<\/span>. Je me demande pourquoi j&rsquo;aime dessiner <span style=\"font-weight: bold;\">des tasses de th\u00e9 et de caf\u00e9<\/span>. Je trouve \u00e7a minimaliste, beau, \u00e7a m&rsquo;inspire. Pourquoi ne pas dessiner toute la <strong>vaisselle<\/strong> ? Fourchettes, cuill\u00e8res, assiettes, verres, casseroles, etc.<\/p>\n<\/div>","protected":false},"excerpt":{"rendered":"<p>Une petite nouveaut\u00e9. J&rsquo;avais d\u00e9j\u00e0 dessin\u00e9 une tasse de th\u00e9&hellip;<\/p>\n<p> <a class=\"more-link\" href=\"https:\/\/www.artsgraphiques.net\/en\/tasse-de-cafe-carte-dinvitation\/\">Read more<\/a><\/p>","protected":false},"author":1,"featured_media":0,"comment_status":"open","ping_status":"open","sticky":false,"template":"","format":"standard","meta":{"footnotes":""},"categories":[5],"tags":[67,416,433,434,450],"class_list":{"0":"post-152","1":"post","2":"type-post","3":"status-publish","4":"format-standard","6":"category-carte-de-voeux","7":"tag-carte-dinvitation","8":"tag-saint-valentin","9":"tag-tasse-de-cafe","10":"tag-tasse-de-the","11":"tag-vaisselle"},"aioseo_notices":[],"_links":{"self":[{"href":"https:\/\/www.artsgraphiques.net\/en\/wp-json\/wp\/v2\/posts\/152","targetHints":{"allow":["GET"]}}],"collection":[{"href":"https:\/\/www.artsgraphiques.net\/en\/wp-json\/wp\/v2\/posts"}],"about":[{"href":"https:\/\/www.artsgraphiques.net\/en\/wp-json\/wp\/v2\/types\/post"}],"author":[{"embeddable":true,"href":"https:\/\/www.artsgraphiques.net\/en\/wp-json\/wp\/v2\/users\/1"}],"replies":[{"embeddable":true,"href":"https:\/\/www.artsgraphiques.net\/en\/wp-json\/wp\/v2\/comments?post=152"}],"version-history":[{"count":0,"href":"https:\/\/www.artsgraphiques.net\/en\/wp-json\/wp\/v2\/posts\/152\/revisions"}],"wp:attachment":[{"href":"https:\/\/www.artsgraphiques.net\/en\/wp-json\/wp\/v2\/media?parent=152"}],"wp:term":[{"taxonomy":"category","embeddable":true,"href":"https:\/\/www.artsgraphiques.net\/en\/wp-json\/wp\/v2\/categories?post=152"},{"taxonomy":"post_tag","embeddable":true,"href":"https:\/\/www.artsgraphiques.net\/en\/wp-json\/wp\/v2\/tags?post=152"}],"curies":[{"name":"wp","href":"https:\/\/api.w.org\/{rel}","templated":true}]}}