{"id":4478,"date":"2008-05-19T20:44:35","date_gmt":"2008-05-19T18:44:35","guid":{"rendered":"http:\/\/illustration.ya-graphic.com\/?p=4478"},"modified":"2008-05-19T20:44:35","modified_gmt":"2008-05-19T18:44:35","slug":"livre-deux-petit-nuage-conte-jeunesse","status":"publish","type":"post","link":"https:\/\/www.artsgraphiques.net\/en\/livre-deux-petit-nuage-conte-jeunesse\/","title":{"rendered":"Suite du conte jeunesse Petit Nuage (conte en projet)"},"content":{"rendered":"<p><img fetchpriority=\"high\" decoding=\"async\" class=\"aligncenter size-full wp-image-4479\" title=\"Petit Nuage (livre deux)\" src=\"http:\/\/www.artsgraphiques.net\/wp-content\/uploads\/2010\/11\/PetitNuage-livre-deux_ya-graphic1.png\" alt=\"projet album jeunesse Petit Nuage\" width=\"425\" height=\"301\" srcset=\"https:\/\/www.artsgraphiques.net\/wp-content\/uploads\/2010\/11\/PetitNuage-livre-deux_ya-graphic1.png 425w, https:\/\/www.artsgraphiques.net\/wp-content\/uploads\/2010\/11\/PetitNuage-livre-deux_ya-graphic1-416x295.png 416w, https:\/\/www.artsgraphiques.net\/wp-content\/uploads\/2010\/11\/PetitNuage-livre-deux_ya-graphic1-300x212.png 300w\" sizes=\"(max-width: 425px) 100vw, 425px\" \/><\/p>\n<p style=\"text-align: justify;\">Cette <strong>illustration<\/strong> est une variante de\u00a0l\u2019illustration pr\u00e9c\u00e9dente. Elle sera peut-\u00eatre retenue pour la suite de mon projet intitul\u00e9\u00a0<em>Petit Nuage, Livre Deux<\/em>. L\u2019image est plus color\u00e9e. Les couleurs sont plus chaudes malgr\u00e9 le paysage de neige.<\/p>\n<h2 style=\"text-align: justify;\">Qu\u2019est-ce que le projet <em>Petit Nuage<\/em> ?<\/h2>\n<p style=\"text-align: justify;\">Il y a deux ans environ j\u2019ai r\u00e9alis\u00e9\u00a0un <strong>conte jeunesse<\/strong><strong>.<\/strong> Aujourd\u2019hui je n\u2019ai toujours pas trouv\u00e9 d\u2019\u00e9diteur pour le publier. J\u2019ai propos\u00e9 le projet \u00e0 diverses maisons d\u2019\u00e9ditions, les plus grandes d\u2019abord.<\/p>","protected":false},"excerpt":{"rendered":"<p>Cette illustration est une variante de\u00a0l\u2019illustration pr\u00e9c\u00e9dente. Elle sera peut-\u00eatre&hellip;<\/p>\n<p> <a class=\"more-link\" href=\"https:\/\/www.artsgraphiques.net\/en\/livre-deux-petit-nuage-conte-jeunesse\/\">Read more<\/a><\/p>","protected":false},"author":1,"featured_media":0,"comment_status":"open","ping_status":"open","sticky":false,"template":"","format":"standard","meta":{"footnotes":""},"categories":[7],"tags":[97,232,332,363],"class_list":{"0":"post-4478","1":"post","2":"type-post","3":"status-publish","4":"format-standard","6":"category-illustration","7":"tag-conte-jeunesse","8":"tag-illustration-corbeau","9":"tag-neige","10":"tag-petit-nuage"},"aioseo_notices":[],"_links":{"self":[{"href":"https:\/\/www.artsgraphiques.net\/en\/wp-json\/wp\/v2\/posts\/4478","targetHints":{"allow":["GET"]}}],"collection":[{"href":"https:\/\/www.artsgraphiques.net\/en\/wp-json\/wp\/v2\/posts"}],"about":[{"href":"https:\/\/www.artsgraphiques.net\/en\/wp-json\/wp\/v2\/types\/post"}],"author":[{"embeddable":true,"href":"https:\/\/www.artsgraphiques.net\/en\/wp-json\/wp\/v2\/users\/1"}],"replies":[{"embeddable":true,"href":"https:\/\/www.artsgraphiques.net\/en\/wp-json\/wp\/v2\/comments?post=4478"}],"version-history":[{"count":0,"href":"https:\/\/www.artsgraphiques.net\/en\/wp-json\/wp\/v2\/posts\/4478\/revisions"}],"wp:attachment":[{"href":"https:\/\/www.artsgraphiques.net\/en\/wp-json\/wp\/v2\/media?parent=4478"}],"wp:term":[{"taxonomy":"category","embeddable":true,"href":"https:\/\/www.artsgraphiques.net\/en\/wp-json\/wp\/v2\/categories?post=4478"},{"taxonomy":"post_tag","embeddable":true,"href":"https:\/\/www.artsgraphiques.net\/en\/wp-json\/wp\/v2\/tags?post=4478"}],"curies":[{"name":"wp","href":"https:\/\/api.w.org\/{rel}","templated":true}]}}