{"id":4532,"date":"2008-05-16T01:11:54","date_gmt":"2008-05-15T23:11:54","guid":{"rendered":"http:\/\/illustration.ya-graphic.com\/?p=4532"},"modified":"2008-05-16T01:11:54","modified_gmt":"2008-05-15T23:11:54","slug":"photos-plage-du-verdon-la-couronne","status":"publish","type":"post","link":"https:\/\/www.artsgraphiques.net\/en\/photos-plage-du-verdon-la-couronne\/","title":{"rendered":"Photos de la plage du Verdon \u00e0 La Couronne"},"content":{"rendered":"<p><img fetchpriority=\"high\" decoding=\"async\" class=\"aligncenter size-full wp-image-4533\" title=\"La Couronne\" src=\"http:\/\/www.artsgraphiques.net\/wp-content\/uploads\/2010\/12\/la-couronne-google-earth1.png\" alt=\"plage la Couronne sur Google Earth\" width=\"454\" height=\"420\" srcset=\"https:\/\/www.artsgraphiques.net\/wp-content\/uploads\/2010\/12\/la-couronne-google-earth1.png 454w, https:\/\/www.artsgraphiques.net\/wp-content\/uploads\/2010\/12\/la-couronne-google-earth1-416x385.png 416w, https:\/\/www.artsgraphiques.net\/wp-content\/uploads\/2010\/12\/la-couronne-google-earth1-300x277.png 300w\" sizes=\"(max-width: 454px) 100vw, 454px\" \/><\/p>\n<p style=\"text-align: center;\">Sur la capture d\u2019\u00e9cran (<strong>Google Earth<\/strong>), ci-dessus, on voit le village de\u00a0<strong>La Couronne<\/strong> \u2013 entour\u00e9 en rouge.<br \/>\nOn voit aussi la <strong>plage du Verdon<\/strong>, c\u2019est l\u00e0 que j\u2019ai pris quelques photos.<\/p>\n<p style=\"text-align: center;\"><img decoding=\"async\" class=\"aligncenter size-full wp-image-4534\" title=\"La Couronne\" src=\"http:\/\/www.artsgraphiques.net\/wp-content\/uploads\/2010\/12\/la-couronne-google-earth_021.png\" alt=\"plage la Couronne sur Google Earth\" width=\"454\" height=\"421\" srcset=\"https:\/\/www.artsgraphiques.net\/wp-content\/uploads\/2010\/12\/la-couronne-google-earth_021.png 454w, https:\/\/www.artsgraphiques.net\/wp-content\/uploads\/2010\/12\/la-couronne-google-earth_021-416x386.png 416w, https:\/\/www.artsgraphiques.net\/wp-content\/uploads\/2010\/12\/la-couronne-google-earth_021-300x278.png 300w\" sizes=\"(max-width: 454px) 100vw, 454px\" \/><\/p>\n<p style=\"text-align: center;\">Le trac\u00e9 en rouge est mon itin\u00e9raire.\u00a0J\u2019ai pris des photos autour de la c\u00f4te.<\/p>\n<p style=\"text-align: center;\">\n<p style=\"text-align: center;\"><img decoding=\"async\" class=\"aligncenter size-full wp-image-4537\" title=\"La Couronne\" src=\"http:\/\/www.artsgraphiques.net\/wp-content\/uploads\/2010\/12\/photo-retouchee-la-couronne1.png\" alt=\"photo retouch\u00e9e de la plage du Verdon \u00e0 la Couronne (13)\" width=\"425\" height=\"319\" srcset=\"https:\/\/www.artsgraphiques.net\/wp-content\/uploads\/2010\/12\/photo-retouchee-la-couronne1.png 425w, https:\/\/www.artsgraphiques.net\/wp-content\/uploads\/2010\/12\/photo-retouchee-la-couronne1-416x312.png 416w, https:\/\/www.artsgraphiques.net\/wp-content\/uploads\/2010\/12\/photo-retouchee-la-couronne1-300x225.png 300w\" sizes=\"(max-width: 425px) 100vw, 425px\" \/><\/p>\n<p style=\"text-align: center;\">Photo d\u2019un petit voilier \u00e0 travers la verdure m\u00e9diterran\u00e9enne.<br \/>\n\u00a9ya-graphic.com 2008<\/p>\n<p style=\"text-align: center;\">\n<p style=\"text-align: center;\"><img loading=\"lazy\" decoding=\"async\" class=\"aligncenter size-full wp-image-4535\" title=\"La Couronne\" src=\"http:\/\/www.artsgraphiques.net\/wp-content\/uploads\/2010\/12\/la-couronne-photo_021.png\" alt=\"photo de la plage de la Couronne, pr\u00e8s de Martigues, C\u00f4te Bleue\" width=\"425\" height=\"319\" srcset=\"https:\/\/www.artsgraphiques.net\/wp-content\/uploads\/2010\/12\/la-couronne-photo_021.png 425w, https:\/\/www.artsgraphiques.net\/wp-content\/uploads\/2010\/12\/la-couronne-photo_021-416x312.png 416w, https:\/\/www.artsgraphiques.net\/wp-content\/uploads\/2010\/12\/la-couronne-photo_021-300x225.png 300w\" sizes=\"(max-width: 425px) 100vw, 425px\" \/><\/p>\n<p style=\"text-align: center;\">Ici j\u2019ai trouv\u00e9 que les lignes form\u00e9es par l\u2019empilement de la roche \u00e9taient int\u00e9ressantes \u00e0 prendre en photo.<br \/>\n\u00c7a donne une atmosph\u00e8re de s\u00e9r\u00e9nit\u00e9 avec l\u2019horizon vide.\u00a0\u00a9ya-graphic 2008<\/p>\n<p style=\"text-align: center;\">\n<p style=\"text-align: center;\"><img loading=\"lazy\" decoding=\"async\" class=\"aligncenter size-full wp-image-4536\" title=\"La Couronne\" src=\"http:\/\/www.artsgraphiques.net\/wp-content\/uploads\/2010\/12\/la-couronne-photo_031.png\" alt=\"photo de la plage de la Couronne, pr\u00e8s de Martigues, C\u00f4te Bleue\" width=\"317\" height=\"425\" srcset=\"https:\/\/www.artsgraphiques.net\/wp-content\/uploads\/2010\/12\/la-couronne-photo_031.png 317w, https:\/\/www.artsgraphiques.net\/wp-content\/uploads\/2010\/12\/la-couronne-photo_031-223x300.png 223w\" sizes=\"(max-width: 317px) 100vw, 317px\" \/><\/p>\n<p style=\"text-align: center;\">Les formes de la roche sont des sculptures naturelles. Elles sont monumentales.<br \/>\nAvec la photographie on peut imaginer diff\u00e9rentes prises de vues pour les mettre en sc\u00e8ne.<br \/>\n\u00a9ya-graphic 2008<\/p>","protected":false},"excerpt":{"rendered":"<p>Sur la capture d\u2019\u00e9cran (Google Earth), ci-dessus, on voit le&hellip;<\/p>\n<p> <a class=\"more-link\" href=\"https:\/\/www.artsgraphiques.net\/en\/photos-plage-du-verdon-la-couronne\/\">Read more<\/a><\/p>","protected":false},"author":1,"featured_media":0,"comment_status":"open","ping_status":"open","sticky":false,"template":"","format":"standard","meta":{"footnotes":""},"categories":[1],"tags":[205,290,378],"class_list":{"0":"post-4532","1":"post","2":"type-post","3":"status-publish","4":"format-standard","6":"category-non-classe","7":"tag-google-earth","8":"tag-la-couronne","9":"tag-photos-plage"},"aioseo_notices":[],"_links":{"self":[{"href":"https:\/\/www.artsgraphiques.net\/en\/wp-json\/wp\/v2\/posts\/4532","targetHints":{"allow":["GET"]}}],"collection":[{"href":"https:\/\/www.artsgraphiques.net\/en\/wp-json\/wp\/v2\/posts"}],"about":[{"href":"https:\/\/www.artsgraphiques.net\/en\/wp-json\/wp\/v2\/types\/post"}],"author":[{"embeddable":true,"href":"https:\/\/www.artsgraphiques.net\/en\/wp-json\/wp\/v2\/users\/1"}],"replies":[{"embeddable":true,"href":"https:\/\/www.artsgraphiques.net\/en\/wp-json\/wp\/v2\/comments?post=4532"}],"version-history":[{"count":0,"href":"https:\/\/www.artsgraphiques.net\/en\/wp-json\/wp\/v2\/posts\/4532\/revisions"}],"wp:attachment":[{"href":"https:\/\/www.artsgraphiques.net\/en\/wp-json\/wp\/v2\/media?parent=4532"}],"wp:term":[{"taxonomy":"category","embeddable":true,"href":"https:\/\/www.artsgraphiques.net\/en\/wp-json\/wp\/v2\/categories?post=4532"},{"taxonomy":"post_tag","embeddable":true,"href":"https:\/\/www.artsgraphiques.net\/en\/wp-json\/wp\/v2\/tags?post=4532"}],"curies":[{"name":"wp","href":"https:\/\/api.w.org\/{rel}","templated":true}]}}