{"id":4540,"date":"2008-05-13T01:25:30","date_gmt":"2008-05-12T23:25:30","guid":{"rendered":"http:\/\/illustration.ya-graphic.com\/?p=4540"},"modified":"2008-05-13T01:25:30","modified_gmt":"2008-05-12T23:25:30","slug":"photos-plage-la-couronne","status":"publish","type":"post","link":"https:\/\/www.artsgraphiques.net\/en\/photos-plage-la-couronne\/","title":{"rendered":"8 photos de la plage de La Couronne"},"content":{"rendered":"<p style=\"text-align: justify;\">Ce dimanche 11 mai 2008, je suis all\u00e9 me balader sur la plage de\u00a0<strong>La Couronne<\/strong> (la\u00a0<strong>plage du Verdon<\/strong>). C\u2019est un village \u00e0 vocation baln\u00e9aire situ\u00e9 sur la\u00a0<strong>C\u00f4te Bleue<\/strong> (section de la c\u00f4te M\u00e9diterran\u00e9enne). Malgr\u00e9 le temps nuageux j\u2019ai pris plusieurs photos. En voici quelques unes.<\/p>\n<p style=\"text-align: center;\"><img fetchpriority=\"high\" decoding=\"async\" class=\"aligncenter size-full wp-image-4541\" title=\"La Couronne\" src=\"http:\/\/www.artsgraphiques.net\/wp-content\/uploads\/2010\/12\/plage-du-verdon-la-couronne_011.png\" alt=\"plage La Couronne, photo retouch\u00e9e\" width=\"425\" height=\"319\" srcset=\"https:\/\/www.artsgraphiques.net\/wp-content\/uploads\/2010\/12\/plage-du-verdon-la-couronne_011.png 425w, https:\/\/www.artsgraphiques.net\/wp-content\/uploads\/2010\/12\/plage-du-verdon-la-couronne_011-416x312.png 416w, https:\/\/www.artsgraphiques.net\/wp-content\/uploads\/2010\/12\/plage-du-verdon-la-couronne_011-300x225.png 300w\" sizes=\"(max-width: 425px) 100vw, 425px\" \/><\/p>\n<p style=\"text-align: center;\"><strong>La Couronne<\/strong>, <strong>plage du Verdon<\/strong> \u2013 Photo de la plage (prise le 11 mai 2008).<br \/>\n\u00a9Ya-graphic \u2013 2008<\/p>\n<p style=\"text-align: center;\"><img decoding=\"async\" class=\"aligncenter size-full wp-image-4542\" title=\"La Couronne\" src=\"http:\/\/www.artsgraphiques.net\/wp-content\/uploads\/2010\/12\/plage-du-verdon-la-couronne_021.png\" alt=\"plage La Couronne, photos de p\u00e2querettes\" width=\"425\" height=\"319\" srcset=\"https:\/\/www.artsgraphiques.net\/wp-content\/uploads\/2010\/12\/plage-du-verdon-la-couronne_021.png 425w, https:\/\/www.artsgraphiques.net\/wp-content\/uploads\/2010\/12\/plage-du-verdon-la-couronne_021-416x312.png 416w, https:\/\/www.artsgraphiques.net\/wp-content\/uploads\/2010\/12\/plage-du-verdon-la-couronne_021-300x225.png 300w\" sizes=\"(max-width: 425px) 100vw, 425px\" \/><\/p>\n<p style=\"text-align: center;\">Vue de la <strong>mer M\u00e9diterran\u00e9e<\/strong>, village <strong>La Couronne<\/strong>, commune de <strong>Martigues<\/strong>.<br \/>\nC\u00f4te m\u00e9diterran\u00e9enne &#8211; C\u00f4te Bleue.<br \/>\n\u00a9Ya-graphic \u2013 2008<\/p>\n<p style=\"text-align: center;\"><img decoding=\"async\" class=\"aligncenter size-full wp-image-4543\" title=\"La Couronne\" src=\"http:\/\/www.artsgraphiques.net\/wp-content\/uploads\/2010\/12\/plage-du-verdon-la-couronne_031.png\" alt=\"photos de p\u00e2querettes au bord de la plage du Verdon \u00e0 La Couronne\" width=\"425\" height=\"319\" srcset=\"https:\/\/www.artsgraphiques.net\/wp-content\/uploads\/2010\/12\/plage-du-verdon-la-couronne_031.png 425w, https:\/\/www.artsgraphiques.net\/wp-content\/uploads\/2010\/12\/plage-du-verdon-la-couronne_031-416x312.png 416w, https:\/\/www.artsgraphiques.net\/wp-content\/uploads\/2010\/12\/plage-du-verdon-la-couronne_031-300x225.png 300w\" sizes=\"(max-width: 425px) 100vw, 425px\" \/><\/p>\n<p style=\"text-align: center;\">Un gros plan sur des fleurs ; des p\u00e2querettes.<br \/>\n\u00a9Ya-graphic \u2013 2008<\/p>\n<p><img loading=\"lazy\" decoding=\"async\" class=\"aligncenter size-full wp-image-4544\" title=\"La Couronne\" src=\"http:\/\/www.artsgraphiques.net\/wp-content\/uploads\/2010\/12\/plage-du-verdon-la-couronne_041.png\" alt=\"plage La Couronne, fin de baignade surveill\u00e9e\" width=\"425\" height=\"318\" srcset=\"https:\/\/www.artsgraphiques.net\/wp-content\/uploads\/2010\/12\/plage-du-verdon-la-couronne_041.png 425w, https:\/\/www.artsgraphiques.net\/wp-content\/uploads\/2010\/12\/plage-du-verdon-la-couronne_041-416x311.png 416w, https:\/\/www.artsgraphiques.net\/wp-content\/uploads\/2010\/12\/plage-du-verdon-la-couronne_041-300x224.png 300w\" sizes=\"(max-width: 425px) 100vw, 425px\" \/><\/p>\n<p style=\"text-align: center;\">La c\u00f4te m\u00e9diterran\u00e9enne.\u00a0Panneau \u00ab Fin de baignade surveill\u00e9e \u00bb.<br \/>\n\u00a9Ya-graphic \u2013 2008<\/p>\n<p style=\"text-align: center;\"><img loading=\"lazy\" decoding=\"async\" class=\"aligncenter size-full wp-image-4550\" title=\"La Couronne\" src=\"http:\/\/www.artsgraphiques.net\/wp-content\/uploads\/2010\/12\/plage-du-verdon-la-couronne_051.png\" alt=\"Plage La Couronne et son phare.\" width=\"425\" height=\"319\" srcset=\"https:\/\/www.artsgraphiques.net\/wp-content\/uploads\/2010\/12\/plage-du-verdon-la-couronne_051.png 425w, https:\/\/www.artsgraphiques.net\/wp-content\/uploads\/2010\/12\/plage-du-verdon-la-couronne_051-416x312.png 416w, https:\/\/www.artsgraphiques.net\/wp-content\/uploads\/2010\/12\/plage-du-verdon-la-couronne_051-300x225.png 300w\" sizes=\"(max-width: 425px) 100vw, 425px\" \/><\/p>\n<p style=\"text-align: center;\">Photo du phare de la plage du Verdon, \u00e0 La Couronne.<br \/>\nUn petit air de paysage breton non ?<br \/>\n\u00a9Ya-graphic \u2013 2008<\/p>\n<p style=\"text-align: center;\">\n<p><img loading=\"lazy\" decoding=\"async\" class=\"aligncenter size-full wp-image-4545\" title=\"La Couronne\" src=\"http:\/\/www.artsgraphiques.net\/wp-content\/uploads\/2010\/12\/plage-du-verdon-la-couronne_061.png\" alt=\"plage du Verdon La Couronne\" width=\"318\" height=\"425\" srcset=\"https:\/\/www.artsgraphiques.net\/wp-content\/uploads\/2010\/12\/plage-du-verdon-la-couronne_061.png 318w, https:\/\/www.artsgraphiques.net\/wp-content\/uploads\/2010\/12\/plage-du-verdon-la-couronne_061-224x300.png 224w\" sizes=\"(max-width: 318px) 100vw, 318px\" \/><\/p>\n<p style=\"text-align: center;\">Mer M\u00e9diterran\u00e9e \u2013 \u00c9coutez le son des vagues\u2026<br \/>\n\u00a9Ya-graphic \u2013 2008<\/p>\n<p style=\"text-align: center;\">\n<p><img loading=\"lazy\" decoding=\"async\" class=\"aligncenter size-full wp-image-4546\" title=\"plage La Couronne\" src=\"http:\/\/www.artsgraphiques.net\/wp-content\/uploads\/2010\/12\/plage-du-verdon-la-couronne_071.png\" alt=\"photo du phare de la plage du Verdon \u00e0 la Couronne\" width=\"425\" height=\"319\" srcset=\"https:\/\/www.artsgraphiques.net\/wp-content\/uploads\/2010\/12\/plage-du-verdon-la-couronne_071.png 425w, https:\/\/www.artsgraphiques.net\/wp-content\/uploads\/2010\/12\/plage-du-verdon-la-couronne_071-416x312.png 416w, https:\/\/www.artsgraphiques.net\/wp-content\/uploads\/2010\/12\/plage-du-verdon-la-couronne_071-300x225.png 300w\" sizes=\"(max-width: 425px) 100vw, 425px\" \/><\/p>\n<p style=\"text-align: center;\">Photo du phare de La Couronne.\u00a0\u00a9Ya-graphic \u2013 2008<\/p>\n<p style=\"text-align: center;\">\n<p style=\"text-align: center;\"><img loading=\"lazy\" decoding=\"async\" class=\"aligncenter size-full wp-image-4547\" title=\"La Couronne\" src=\"http:\/\/www.artsgraphiques.net\/wp-content\/uploads\/2010\/12\/plage-du-verdon-la-couronne_081.png\" alt=\"photos de coquelicots de la plage du Verdon \u00e0 la Couronne\" width=\"318\" height=\"425\" srcset=\"https:\/\/www.artsgraphiques.net\/wp-content\/uploads\/2010\/12\/plage-du-verdon-la-couronne_081.png 318w, https:\/\/www.artsgraphiques.net\/wp-content\/uploads\/2010\/12\/plage-du-verdon-la-couronne_081-224x300.png 224w\" sizes=\"(max-width: 318px) 100vw, 318px\" \/><\/p>\n<p style=\"text-align: center;\">Coquelicots et mer M\u00e9diterran\u00e9e en arri\u00e8re-plan.<br \/>\nJ\u2019ai modifi\u00e9 la photo avec un filtre pour intensifier les couleurs.<br \/>\n\u00a9Ya-graphic \u2013 2008<\/p>","protected":false},"excerpt":{"rendered":"<p>Ce dimanche 11 mai 2008, je suis all\u00e9 me balader&hellip;<\/p>\n<p> <a class=\"more-link\" href=\"https:\/\/www.artsgraphiques.net\/en\/photos-plage-la-couronne\/\">Read more<\/a><\/p>","protected":false},"author":1,"featured_media":0,"comment_status":"open","ping_status":"open","sticky":false,"template":"","format":"standard","meta":{"footnotes":""},"categories":[1],"tags":[290,378],"class_list":{"0":"post-4540","1":"post","2":"type-post","3":"status-publish","4":"format-standard","6":"category-non-classe","7":"tag-la-couronne","8":"tag-photos-plage"},"aioseo_notices":[],"_links":{"self":[{"href":"https:\/\/www.artsgraphiques.net\/en\/wp-json\/wp\/v2\/posts\/4540","targetHints":{"allow":["GET"]}}],"collection":[{"href":"https:\/\/www.artsgraphiques.net\/en\/wp-json\/wp\/v2\/posts"}],"about":[{"href":"https:\/\/www.artsgraphiques.net\/en\/wp-json\/wp\/v2\/types\/post"}],"author":[{"embeddable":true,"href":"https:\/\/www.artsgraphiques.net\/en\/wp-json\/wp\/v2\/users\/1"}],"replies":[{"embeddable":true,"href":"https:\/\/www.artsgraphiques.net\/en\/wp-json\/wp\/v2\/comments?post=4540"}],"version-history":[{"count":0,"href":"https:\/\/www.artsgraphiques.net\/en\/wp-json\/wp\/v2\/posts\/4540\/revisions"}],"wp:attachment":[{"href":"https:\/\/www.artsgraphiques.net\/en\/wp-json\/wp\/v2\/media?parent=4540"}],"wp:term":[{"taxonomy":"category","embeddable":true,"href":"https:\/\/www.artsgraphiques.net\/en\/wp-json\/wp\/v2\/categories?post=4540"},{"taxonomy":"post_tag","embeddable":true,"href":"https:\/\/www.artsgraphiques.net\/en\/wp-json\/wp\/v2\/tags?post=4540"}],"curies":[{"name":"wp","href":"https:\/\/api.w.org\/{rel}","templated":true}]}}