{"id":4642,"date":"2010-01-29T23:11:19","date_gmt":"2010-01-29T22:11:19","guid":{"rendered":"http:\/\/illustration.ya-graphic.com\/?p=4642"},"modified":"2010-01-29T23:11:19","modified_gmt":"2010-01-29T22:11:19","slug":"photos-venise-voyage-italie","status":"publish","type":"post","link":"https:\/\/www.artsgraphiques.net\/en\/photos-venise-voyage-italie\/","title":{"rendered":"Photos : Venise, mon voyage en Italie"},"content":{"rendered":"<p>Mestre, localit\u00e9 de la commune de\u00a0<strong>Venise<\/strong> \u2013 Ce mercredi 19 ao\u00fbt 2009 il fait chaud, tr\u00e8s chaud. La transpiration coule sur mon front. Les aisselles mouillent ma chemise. En \u00e9t\u00e9 le soleil m\u00e9diterran\u00e9en vous mord avec ses dents de lion lorsque vous le provoquez.<\/p>\n<p>Hier j\u2019\u00e9tais \u00e0 V\u00e9rone. La ville des Capulet ne m\u2019a pas vraiment s\u00e9duit, si, peut-\u00eatre les fameuses ar\u00e8nes. En fait, deux \u00e9v\u00e8nements ont marqu\u00e9 mon\u00a0<strong>voyage en Italie<\/strong> : Venise et Pise pour sa tour, mais surtout Venise. Certains coins de la ville m\u2019ont fait penser \u00e0 Marseille. La ville est ouverte sur la mer, son sol est sale. La vie n\u2019y est pas trop ch\u00e8re, l\u2019origine de ses habitants est diverse, riche, la ville n\u2019est pas hautaine, loin de l\u00e0. Les gens qui vous c\u00f4toient sont simples, humbles et souriants. Certains endroits la ville sont calmes, d\u2019autres pullulent de badauds et de touristes enthousiasm\u00e9s par le d\u00e9cor de ces lieux bizarres.<\/p>\n<blockquote><p>Venise vous capturera dans une r\u00eaverie comme dans une toile d\u2019araign\u00e9e.<\/p><\/blockquote>\n<p>Il vaut mieux prendre un bus pour se rendre \u00e0 Venise me conseille un h\u00f4telier de Mestre. C\u2019est vrai, c\u2019est \u00e9conomique et plus s\u00e9curis\u00e9. En\u00a0<strong>Italie<\/strong> certains h\u00f4teliers vous parleront en fran\u00e7ais, d\u2019autres en anglais. S\u2019ils boudent Moli\u00e8re et Shakespeare, faites leur le Marcel Marceau. Je laisse donc mon v\u00e9hicule \u00e0 l\u2019h\u00f4tel et prends un bus pour Venise. Direction les gondoles, pas celles de Stone et Charden.<\/p>\n<p>Dans le bus et au\u00a0<strong>parking Tronchetto<\/strong> \u2013 gare routi\u00e8re de Venise \u2013 je prends le soin de photographier mon trajet que j\u2019improvise. Toujours en mouvement et de mani\u00e8re spontan\u00e9e, je prends des photos de mon entourage. Les fid\u00e8les de mon\u00a0<a href=\"http:\/\/twitter.com\/yagraphic\" target=\"_blank\">compte Twitter<\/a> ont pu voir les premi\u00e8res\u00a0<strong>photos<\/strong> du trajet Mestre-Venise :\u00a0<a href=\"http:\/\/twitpic.com\/zeuob\" target=\"_blank\">dans<\/a>le\u00a0<a href=\"http:\/\/twitpic.com\/zex3b\" target=\"_blank\">bus<\/a>, la vue de la mer autour du\u00a0<a href=\"http:\/\/twitpic.com\/zf015\" target=\"_blank\">pont de la Libert\u00e9<\/a>, \u00e0\u00a0<a href=\"http:\/\/twitpic.com\/10c5b1\" target=\"_blank\">l\u2019arriv\u00e9e<\/a>. Sur Twitpic les photos sont m\u00e9diocres, je dois l\u2019avouer.<\/p>\n<h2>Venise comme vous ne l\u2019avez jamais vue<\/h2>\n<p><img fetchpriority=\"high\" decoding=\"async\" class=\"aligncenter size-full wp-image-4643\" title=\"Masques de Venise\" src=\"http:\/\/www.artsgraphiques.net\/wp-content\/uploads\/2011\/01\/masques-de-venise1.jpg\" alt=\"Masques de Venise dans boutique de d\u00e9guisements \u00e0 Venise\" width=\"567\" height=\"318\" srcset=\"https:\/\/www.artsgraphiques.net\/wp-content\/uploads\/2011\/01\/masques-de-venise1.jpg 567w, https:\/\/www.artsgraphiques.net\/wp-content\/uploads\/2011\/01\/masques-de-venise1-416x233.jpg 416w, https:\/\/www.artsgraphiques.net\/wp-content\/uploads\/2011\/01\/masques-de-venise1-300x168.jpg 300w\" sizes=\"(max-width: 567px) 100vw, 567px\" \/><\/p>\n<p><img decoding=\"async\" class=\"aligncenter size-full wp-image-4644\" title=\"Pont de Venise\" src=\"http:\/\/www.artsgraphiques.net\/wp-content\/uploads\/2011\/01\/pont-ville-venise1.jpg\" alt=\"mon premier pont que j'ai travers\u00e9 \u00e0 Venise\" width=\"567\" height=\"318\" srcset=\"https:\/\/www.artsgraphiques.net\/wp-content\/uploads\/2011\/01\/pont-ville-venise1.jpg 567w, https:\/\/www.artsgraphiques.net\/wp-content\/uploads\/2011\/01\/pont-ville-venise1-416x233.jpg 416w, https:\/\/www.artsgraphiques.net\/wp-content\/uploads\/2011\/01\/pont-ville-venise1-300x168.jpg 300w\" sizes=\"(max-width: 567px) 100vw, 567px\" \/><\/p>\n<p><img decoding=\"async\" class=\"aligncenter size-full wp-image-4645\" title=\"Pont de Venise\" src=\"http:\/\/www.artsgraphiques.net\/wp-content\/uploads\/2011\/01\/pont-de-venise1.jpg\" alt=\"Vue au-dessus d'un pont de Venise\" width=\"567\" height=\"318\" srcset=\"https:\/\/www.artsgraphiques.net\/wp-content\/uploads\/2011\/01\/pont-de-venise1.jpg 567w, https:\/\/www.artsgraphiques.net\/wp-content\/uploads\/2011\/01\/pont-de-venise1-416x233.jpg 416w, https:\/\/www.artsgraphiques.net\/wp-content\/uploads\/2011\/01\/pont-de-venise1-300x168.jpg 300w\" sizes=\"(max-width: 567px) 100vw, 567px\" \/><\/p>\n<p>Passez vos annonces de\u00a0<strong>locations saisonni\u00e8res,\u00a0<a href=\"http:\/\/www.enlocationvacances.fr\/\" target=\"_blank\">locations vacances<\/a><\/strong> sur le site www.enlocationvacances.fr<\/p>","protected":false},"excerpt":{"rendered":"<p>Mestre, localit\u00e9 de la commune de\u00a0Venise \u2013 Ce mercredi 19&hellip;<\/p>\n<p> <a class=\"more-link\" href=\"https:\/\/www.artsgraphiques.net\/en\/photos-venise-voyage-italie\/\">Read more<\/a><\/p>","protected":false},"author":1,"featured_media":0,"comment_status":"open","ping_status":"open","sticky":false,"template":"","format":"standard","meta":{"footnotes":""},"categories":[3],"tags":[281,379,452],"class_list":{"0":"post-4642","1":"post","2":"type-post","3":"status-publish","4":"format-standard","6":"category-carnet-de-voyage","7":"tag-italie","8":"tag-photos-venise","9":"tag-venise"},"aioseo_notices":[],"_links":{"self":[{"href":"https:\/\/www.artsgraphiques.net\/en\/wp-json\/wp\/v2\/posts\/4642","targetHints":{"allow":["GET"]}}],"collection":[{"href":"https:\/\/www.artsgraphiques.net\/en\/wp-json\/wp\/v2\/posts"}],"about":[{"href":"https:\/\/www.artsgraphiques.net\/en\/wp-json\/wp\/v2\/types\/post"}],"author":[{"embeddable":true,"href":"https:\/\/www.artsgraphiques.net\/en\/wp-json\/wp\/v2\/users\/1"}],"replies":[{"embeddable":true,"href":"https:\/\/www.artsgraphiques.net\/en\/wp-json\/wp\/v2\/comments?post=4642"}],"version-history":[{"count":0,"href":"https:\/\/www.artsgraphiques.net\/en\/wp-json\/wp\/v2\/posts\/4642\/revisions"}],"wp:attachment":[{"href":"https:\/\/www.artsgraphiques.net\/en\/wp-json\/wp\/v2\/media?parent=4642"}],"wp:term":[{"taxonomy":"category","embeddable":true,"href":"https:\/\/www.artsgraphiques.net\/en\/wp-json\/wp\/v2\/categories?post=4642"},{"taxonomy":"post_tag","embeddable":true,"href":"https:\/\/www.artsgraphiques.net\/en\/wp-json\/wp\/v2\/tags?post=4642"}],"curies":[{"name":"wp","href":"https:\/\/api.w.org\/{rel}","templated":true}]}}