{"id":4668,"date":"2011-02-05T19:52:21","date_gmt":"2011-02-05T18:52:21","guid":{"rendered":"http:\/\/illustration.ya-graphic.com\/?p=4668"},"modified":"2011-02-05T19:52:21","modified_gmt":"2011-02-05T18:52:21","slug":"berger-aveugle-et-moutons","status":"publish","type":"post","link":"https:\/\/www.artsgraphiques.net\/en\/berger-aveugle-et-moutons\/","title":{"rendered":"Illustration d&rsquo;un berger aveugle avec ses moutons"},"content":{"rendered":"<p style=\"text-align: center;\"><img fetchpriority=\"high\" decoding=\"async\" class=\"aligncenter size-full wp-image-4669\" title=\"Berger aveugle\" src=\"http:\/\/www.artsgraphiques.net\/wp-content\/uploads\/2011\/02\/berger-aveugle1.jpg\" alt=\"illustration d'un berger aveugle avec son troupeau de moutons\" width=\"638\" height=\"338\" srcset=\"https:\/\/www.artsgraphiques.net\/wp-content\/uploads\/2011\/02\/berger-aveugle1.jpg 709w, https:\/\/www.artsgraphiques.net\/wp-content\/uploads\/2011\/02\/berger-aveugle1-600x318.jpg 600w, https:\/\/www.artsgraphiques.net\/wp-content\/uploads\/2011\/02\/berger-aveugle1-300x159.jpg 300w\" sizes=\"(max-width: 638px) 100vw, 638px\" \/><\/p>\n<p style=\"text-align: justify;\">Nouvelle illustration ! J&rsquo;ai dessin\u00e9 un <strong>berger aveugle<\/strong> qui porte des lunettes \u00e0 la Ray Charles &#8211; ou Stevie Wonder &#8211; et une chemise rouge en contraste au paysage naturel, un paysage vert. Son troupeau de moutons l&rsquo;entend dire : \u00ab <em>On rentre \u00e0 la maison les moutons !<\/em> \u00bb.<\/p>\n<p style=\"text-align: justify;\">Cette illustration est purement all\u00e9gorique. Je l&rsquo;ai en effet cr\u00e9\u00e9e pour <strong>illustrer une id\u00e9e<\/strong>, une r\u00e9flexion sur une citation de Socrate en rapport au m\u00e9tier de <a href=\"http:\/\/www.ya-graphic.com\/a-propos\/\">r\u00e9f\u00e9renceur Web<\/a>. A suivre sur www.ya-graphic.com.<\/p>","protected":false},"excerpt":{"rendered":"<p>Nouvelle illustration ! J&rsquo;ai dessin\u00e9 un berger aveugle qui porte&hellip;<\/p>\n<p> <a class=\"more-link\" href=\"https:\/\/www.artsgraphiques.net\/en\/berger-aveugle-et-moutons\/\">Read more<\/a><\/p>","protected":false},"author":1,"featured_media":0,"comment_status":"open","ping_status":"open","sticky":false,"template":"","format":"standard","meta":{"footnotes":""},"categories":[7],"tags":[51,253,331],"class_list":{"0":"post-4668","1":"post","2":"type-post","3":"status-publish","4":"format-standard","6":"category-illustration","7":"tag-berger","8":"tag-illustration-paysage","9":"tag-moutons"},"aioseo_notices":[],"_links":{"self":[{"href":"https:\/\/www.artsgraphiques.net\/en\/wp-json\/wp\/v2\/posts\/4668","targetHints":{"allow":["GET"]}}],"collection":[{"href":"https:\/\/www.artsgraphiques.net\/en\/wp-json\/wp\/v2\/posts"}],"about":[{"href":"https:\/\/www.artsgraphiques.net\/en\/wp-json\/wp\/v2\/types\/post"}],"author":[{"embeddable":true,"href":"https:\/\/www.artsgraphiques.net\/en\/wp-json\/wp\/v2\/users\/1"}],"replies":[{"embeddable":true,"href":"https:\/\/www.artsgraphiques.net\/en\/wp-json\/wp\/v2\/comments?post=4668"}],"version-history":[{"count":0,"href":"https:\/\/www.artsgraphiques.net\/en\/wp-json\/wp\/v2\/posts\/4668\/revisions"}],"wp:attachment":[{"href":"https:\/\/www.artsgraphiques.net\/en\/wp-json\/wp\/v2\/media?parent=4668"}],"wp:term":[{"taxonomy":"category","embeddable":true,"href":"https:\/\/www.artsgraphiques.net\/en\/wp-json\/wp\/v2\/categories?post=4668"},{"taxonomy":"post_tag","embeddable":true,"href":"https:\/\/www.artsgraphiques.net\/en\/wp-json\/wp\/v2\/tags?post=4668"}],"curies":[{"name":"wp","href":"https:\/\/api.w.org\/{rel}","templated":true}]}}