{"id":4689,"date":"2009-04-12T21:59:26","date_gmt":"2009-04-12T19:59:26","guid":{"rendered":"http:\/\/illustration.ya-graphic.com\/?p=4689"},"modified":"2012-05-13T16:15:15","modified_gmt":"2012-05-13T14:15:15","slug":"photos-miramas-le-vieux-1","status":"publish","type":"post","link":"https:\/\/www.artsgraphiques.net\/en\/photos-miramas-le-vieux-1\/","title":{"rendered":"Photos : Miramas-le-Vieux (1\u00e8re s\u00e9rie)"},"content":{"rendered":"<p style=\"text-align: justify;\">Miramas-le-Vieux, premi\u00e8re s\u00e9rie de l\u2019album photo.<\/p>\n<p style=\"text-align: justify;\">Je l\u2019avais dis dans un article intitul\u00e9 \u00ab Miramas-le-Vieux en photos \u00bb, voici donc la premi\u00e8re partie de mon\u00a0album photo sur le th\u00e8me du village <strong>Miramas-le-Vieux<\/strong> (il y a trois s\u00e9ries). Les\u00a0<strong>photographies<\/strong> ont \u00e9t\u00e9 prises un 4 mai 2008, \u00e7a fait d\u00e9j\u00e0 un an.<\/p>\n<p style=\"text-align: justify;\">Cette\u00a0premi\u00e8re s\u00e9rie de <strong>l\u2019album photo<\/strong> pr\u00e9sente une des entr\u00e9es du village avec sa belle campagne verdoyante. Les\u00a0photos de l\u2019album sont ordonn\u00e9es selon la mont\u00e9e progressive vers le\u00a0sommet du village qui cache des maisons anciennes couvertes de pierres de parement et aux tuiles rondes, d\u2019\u00e9troites ruelles pav\u00e9es bord\u00e9es de lanternes d\u2019autrefois.<\/p>\n<p style=\"text-align: justify;\">Galerie photo de Miramas-le-Vieux :<\/p>\n<p>[nggallery id=25]<\/p>","protected":false},"excerpt":{"rendered":"<p>Miramas-le-Vieux, premi\u00e8re s\u00e9rie de l\u2019album photo. Je l\u2019avais dis dans&hellip;<\/p>\n<p> <a class=\"more-link\" href=\"https:\/\/www.artsgraphiques.net\/en\/photos-miramas-le-vieux-1\/\">Read more<\/a><\/p>","protected":false},"author":1,"featured_media":0,"comment_status":"open","ping_status":"open","sticky":false,"template":"","format":"standard","meta":{"footnotes":""},"categories":[9],"tags":[323],"class_list":{"0":"post-4689","1":"post","2":"type-post","3":"status-publish","4":"format-standard","6":"category-photo","7":"tag-miramas-le-vieux"},"aioseo_notices":[],"_links":{"self":[{"href":"https:\/\/www.artsgraphiques.net\/en\/wp-json\/wp\/v2\/posts\/4689","targetHints":{"allow":["GET"]}}],"collection":[{"href":"https:\/\/www.artsgraphiques.net\/en\/wp-json\/wp\/v2\/posts"}],"about":[{"href":"https:\/\/www.artsgraphiques.net\/en\/wp-json\/wp\/v2\/types\/post"}],"author":[{"embeddable":true,"href":"https:\/\/www.artsgraphiques.net\/en\/wp-json\/wp\/v2\/users\/1"}],"replies":[{"embeddable":true,"href":"https:\/\/www.artsgraphiques.net\/en\/wp-json\/wp\/v2\/comments?post=4689"}],"version-history":[{"count":5,"href":"https:\/\/www.artsgraphiques.net\/en\/wp-json\/wp\/v2\/posts\/4689\/revisions"}],"predecessor-version":[{"id":5068,"href":"https:\/\/www.artsgraphiques.net\/en\/wp-json\/wp\/v2\/posts\/4689\/revisions\/5068"}],"wp:attachment":[{"href":"https:\/\/www.artsgraphiques.net\/en\/wp-json\/wp\/v2\/media?parent=4689"}],"wp:term":[{"taxonomy":"category","embeddable":true,"href":"https:\/\/www.artsgraphiques.net\/en\/wp-json\/wp\/v2\/categories?post=4689"},{"taxonomy":"post_tag","embeddable":true,"href":"https:\/\/www.artsgraphiques.net\/en\/wp-json\/wp\/v2\/tags?post=4689"}],"curies":[{"name":"wp","href":"https:\/\/api.w.org\/{rel}","templated":true}]}}