{"id":4704,"date":"2009-04-13T22:00:49","date_gmt":"2009-04-13T20:00:49","guid":{"rendered":"http:\/\/illustration.ya-graphic.com\/?p=4704"},"modified":"2012-05-13T16:14:35","modified_gmt":"2012-05-13T14:14:35","slug":"miramas-le-vieux-2eme-serie-album-photo","status":"publish","type":"post","link":"https:\/\/www.artsgraphiques.net\/en\/miramas-le-vieux-2eme-serie-album-photo\/","title":{"rendered":"Photos du village Miramas-le-Vieux (2\u00e8me s\u00e9rie)"},"content":{"rendered":"<p style=\"text-align: justify;\">Miramas-le-Vieux, deuxi\u00e8me s\u00e9rie de l\u2019album photo.<\/p>\n<p style=\"text-align: justify;\">Je vous pr\u00e9sente la suite de mon\u00a0<strong>album photo de Miramas-le-Vieux<\/strong>, village situ\u00e9 \u00e0 40 minutes de Marseille, dans le d\u00e9partement des Bouches-du-Rh\u00f4ne. Dans cette seconde s\u00e9rie vous verrez\u00a0<strong>une vue sur le paysage de l\u2019\u00c9tang de Berre<\/strong>, des rosiers de printemps, des escaliers pav\u00e9s de pierre, des lanternes anciennes, une vue sur les toits anciens du village, des fa\u00e7ades de\u00a0<strong>maisons proven\u00e7ales<\/strong> en couleur ocre p\u00e2le, etc. Aller, tr\u00eave de bavardage, les images parlent mieux aux yeux.<\/p>\n<p style=\"text-align: justify;\">Galerie photo de Miramas-le-Vieux :<\/p>\n<p>[nggallery id=26]<\/p>","protected":false},"excerpt":{"rendered":"<p>Miramas-le-Vieux, deuxi\u00e8me s\u00e9rie de l\u2019album photo. Je vous pr\u00e9sente la&hellip;<\/p>\n<p> <a class=\"more-link\" href=\"https:\/\/www.artsgraphiques.net\/en\/miramas-le-vieux-2eme-serie-album-photo\/\">Read more<\/a><\/p>","protected":false},"author":1,"featured_media":0,"comment_status":"open","ping_status":"open","sticky":false,"template":"","format":"standard","meta":{"footnotes":""},"categories":[9],"tags":[323],"class_list":{"0":"post-4704","1":"post","2":"type-post","3":"status-publish","4":"format-standard","6":"category-photo","7":"tag-miramas-le-vieux"},"aioseo_notices":[],"_links":{"self":[{"href":"https:\/\/www.artsgraphiques.net\/en\/wp-json\/wp\/v2\/posts\/4704","targetHints":{"allow":["GET"]}}],"collection":[{"href":"https:\/\/www.artsgraphiques.net\/en\/wp-json\/wp\/v2\/posts"}],"about":[{"href":"https:\/\/www.artsgraphiques.net\/en\/wp-json\/wp\/v2\/types\/post"}],"author":[{"embeddable":true,"href":"https:\/\/www.artsgraphiques.net\/en\/wp-json\/wp\/v2\/users\/1"}],"replies":[{"embeddable":true,"href":"https:\/\/www.artsgraphiques.net\/en\/wp-json\/wp\/v2\/comments?post=4704"}],"version-history":[{"count":2,"href":"https:\/\/www.artsgraphiques.net\/en\/wp-json\/wp\/v2\/posts\/4704\/revisions"}],"predecessor-version":[{"id":5065,"href":"https:\/\/www.artsgraphiques.net\/en\/wp-json\/wp\/v2\/posts\/4704\/revisions\/5065"}],"wp:attachment":[{"href":"https:\/\/www.artsgraphiques.net\/en\/wp-json\/wp\/v2\/media?parent=4704"}],"wp:term":[{"taxonomy":"category","embeddable":true,"href":"https:\/\/www.artsgraphiques.net\/en\/wp-json\/wp\/v2\/categories?post=4704"},{"taxonomy":"post_tag","embeddable":true,"href":"https:\/\/www.artsgraphiques.net\/en\/wp-json\/wp\/v2\/tags?post=4704"}],"curies":[{"name":"wp","href":"https:\/\/api.w.org\/{rel}","templated":true}]}}