{"id":4707,"date":"2009-04-13T22:57:22","date_gmt":"2009-04-13T20:57:22","guid":{"rendered":"http:\/\/illustration.ya-graphic.com\/?p=4707"},"modified":"2012-05-13T16:14:45","modified_gmt":"2012-05-13T14:14:45","slug":"photos-miramas-le-vieux-3eme-serie","status":"publish","type":"post","link":"https:\/\/www.artsgraphiques.net\/en\/photos-miramas-le-vieux-3eme-serie\/","title":{"rendered":"Album photo : Miramas-le-Vieux (3\u00e8me s\u00e9rie)"},"content":{"rendered":"<p>Miramas-le-Vieux, troisi\u00e8me s\u00e9rie de l\u2019album photo.<\/p>\n<p style=\"text-align: justify;\">On ne dit jamais deux sans trois alors voici la derni\u00e8re s\u00e9rie de\u00a0mon <strong>album photo<\/strong> du village <strong>Miramas-le-Vieux<\/strong>. Dans cette 3\u00e8me et derni\u00e8re s\u00e9rie d\u2019album photo vous verrez le\u00a0ch\u00e2teau m\u00e9di\u00e9val, une magnifique vue sur\u00a0la plaine de la Crau mais aussi des jardini\u00e8res de roses bien entretenues par les habitants du village.<\/p>\n<p style=\"text-align: justify;\">Je prendrai peut-\u00eatre d\u2019autres\u00a0photographies du vieux Miramas, de ses ruelles \u00e9troites et de ses fa\u00e7ades de\u00a0maisons proven\u00e7ales. Bonne visite dans ma galerie photo !<\/p>\n<p>Galerie photo de Miramas-le-Vieux :<\/p>\n<p>[nggallery id=27]<\/p>","protected":false},"excerpt":{"rendered":"<p>Miramas-le-Vieux, troisi\u00e8me s\u00e9rie de l\u2019album photo. On ne dit jamais&hellip;<\/p>\n<p> <a class=\"more-link\" href=\"https:\/\/www.artsgraphiques.net\/en\/photos-miramas-le-vieux-3eme-serie\/\">Read more<\/a><\/p>","protected":false},"author":1,"featured_media":0,"comment_status":"open","ping_status":"open","sticky":false,"template":"","format":"standard","meta":{"footnotes":""},"categories":[9],"tags":[323],"class_list":{"0":"post-4707","1":"post","2":"type-post","3":"status-publish","4":"format-standard","6":"category-photo","7":"tag-miramas-le-vieux"},"aioseo_notices":[],"_links":{"self":[{"href":"https:\/\/www.artsgraphiques.net\/en\/wp-json\/wp\/v2\/posts\/4707","targetHints":{"allow":["GET"]}}],"collection":[{"href":"https:\/\/www.artsgraphiques.net\/en\/wp-json\/wp\/v2\/posts"}],"about":[{"href":"https:\/\/www.artsgraphiques.net\/en\/wp-json\/wp\/v2\/types\/post"}],"author":[{"embeddable":true,"href":"https:\/\/www.artsgraphiques.net\/en\/wp-json\/wp\/v2\/users\/1"}],"replies":[{"embeddable":true,"href":"https:\/\/www.artsgraphiques.net\/en\/wp-json\/wp\/v2\/comments?post=4707"}],"version-history":[{"count":3,"href":"https:\/\/www.artsgraphiques.net\/en\/wp-json\/wp\/v2\/posts\/4707\/revisions"}],"predecessor-version":[{"id":5062,"href":"https:\/\/www.artsgraphiques.net\/en\/wp-json\/wp\/v2\/posts\/4707\/revisions\/5062"}],"wp:attachment":[{"href":"https:\/\/www.artsgraphiques.net\/en\/wp-json\/wp\/v2\/media?parent=4707"}],"wp:term":[{"taxonomy":"category","embeddable":true,"href":"https:\/\/www.artsgraphiques.net\/en\/wp-json\/wp\/v2\/categories?post=4707"},{"taxonomy":"post_tag","embeddable":true,"href":"https:\/\/www.artsgraphiques.net\/en\/wp-json\/wp\/v2\/tags?post=4707"}],"curies":[{"name":"wp","href":"https:\/\/api.w.org\/{rel}","templated":true}]}}