{"id":4768,"date":"2011-04-03T18:41:05","date_gmt":"2011-04-03T16:41:05","guid":{"rendered":"http:\/\/illustration.ya-graphic.com\/?p=4768"},"modified":"2011-04-03T18:41:05","modified_gmt":"2011-04-03T16:41:05","slug":"photos-la-colonne-miramas","status":"publish","type":"post","link":"https:\/\/www.artsgraphiques.net\/en\/photos-la-colonne-miramas\/","title":{"rendered":"Photos : Th\u00e9\u00e2tre La Colonne, Miramas"},"content":{"rendered":"<p style=\"text-align: justify;\">Le <strong>th\u00e9\u00e2tre La Colonne<\/strong> est un\u00a0Centre Culturel situ\u00e9 \u00e0 la Rue Marcel Paul, dans la commune de <strong>Miramas<\/strong> (Bouches-du-Rh\u00f4ne). Les <strong>photos<\/strong> ci-dessous repr\u00e9sentent l&rsquo;architecture ext\u00e9rieure d&rsquo;un des plus grands th\u00e9\u00e2tres du sud de la France. L\u2019architecte qui l&rsquo;a con\u00e7ue est Jean-Jacques MORISSEAU.<!--more--><\/p>\n<p style=\"text-align: justify;\">Faite de briques et de bois <strong>l&rsquo;architecture<\/strong> du th\u00e9\u00e2tre La Colonne m\u00eale des \u00e9l\u00e9ments classiques et contemporains. Son esth\u00e9tique est fonctionnelle, mais sans \u00eatre d\u00e9nu\u00e9e de d\u00e9coratif. Celui qui vient au th\u00e9\u00e2tre ne manquera pas de croiser la colonne g\u00e9ante situ\u00e9e \u00e0 l\u2019entr\u00e9e du th\u00e9\u00e2tre. Celle colonne est sens\u00e9e \u00e9voquer un d\u00e9cor de th\u00e9\u00e2tre. Je n&rsquo;\u00e9voquerais pas les informations techniques de l&rsquo;int\u00e9rieur du th\u00e9\u00e2tre qui peut s&rsquo;adapter \u00e0 tous les types de spectacles : danse, op\u00e9ra, concerts et bien s\u00fbr le th\u00e9\u00e2tre.<\/p>\n<p style=\"text-align: justify;\">Les photos ont \u00e9t\u00e9 prises aujourd&rsquo;hui, le dimanche 3 avril 2011.<\/p>\n<figure id=\"attachment_4769\" aria-describedby=\"caption-attachment-4769\" style=\"width: 425px\" class=\"wp-caption aligncenter\"><img fetchpriority=\"high\" decoding=\"async\" class=\"size-full wp-image-4769\" title=\"Th\u00e9\u00e2tre La Colonne, Miramas.\" src=\"http:\/\/www.artsgraphiques.net\/wp-content\/uploads\/2011\/04\/la-colonne_miramas_061.jpg\" alt=\"Photo du Th\u00e9\u00e2tre La Colonne, \u00e0 Miramas.\" width=\"425\" height=\"425\" srcset=\"https:\/\/www.artsgraphiques.net\/wp-content\/uploads\/2011\/04\/la-colonne_miramas_061.jpg 425w, https:\/\/www.artsgraphiques.net\/wp-content\/uploads\/2011\/04\/la-colonne_miramas_061-100x100.jpg 100w, https:\/\/www.artsgraphiques.net\/wp-content\/uploads\/2011\/04\/la-colonne_miramas_061-300x300.jpg 300w, https:\/\/www.artsgraphiques.net\/wp-content\/uploads\/2011\/04\/la-colonne_miramas_061-416x416.jpg 416w, https:\/\/www.artsgraphiques.net\/wp-content\/uploads\/2011\/04\/la-colonne_miramas_061-150x150.jpg 150w\" sizes=\"(max-width: 425px) 100vw, 425px\" \/><figcaption id=\"caption-attachment-4769\" class=\"wp-caption-text\">Vue depuis le lyc\u00e9e Jean-Cocteau, \u00e0 Miramas.<\/figcaption><\/figure>\n<p style=\"text-align: center;\">&nbsp;<\/p>\n<figure id=\"attachment_4770\" aria-describedby=\"caption-attachment-4770\" style=\"width: 425px\" class=\"wp-caption aligncenter\"><img decoding=\"async\" class=\"size-full wp-image-4770\" title=\"Th\u00e9\u00e2tre La Colonne, Miramas.\" src=\"http:\/\/www.artsgraphiques.net\/wp-content\/uploads\/2011\/04\/la-colonne_miramas_051.jpg\" alt=\"Photo de l'entr\u00e9e du Th\u00e9\u00e2tre La Colonne, \u00e0 Miramas.\" width=\"425\" height=\"425\" srcset=\"https:\/\/www.artsgraphiques.net\/wp-content\/uploads\/2011\/04\/la-colonne_miramas_051.jpg 425w, https:\/\/www.artsgraphiques.net\/wp-content\/uploads\/2011\/04\/la-colonne_miramas_051-100x100.jpg 100w, https:\/\/www.artsgraphiques.net\/wp-content\/uploads\/2011\/04\/la-colonne_miramas_051-300x300.jpg 300w, https:\/\/www.artsgraphiques.net\/wp-content\/uploads\/2011\/04\/la-colonne_miramas_051-416x416.jpg 416w, https:\/\/www.artsgraphiques.net\/wp-content\/uploads\/2011\/04\/la-colonne_miramas_051-150x150.jpg 150w\" sizes=\"(max-width: 425px) 100vw, 425px\" \/><figcaption id=\"caption-attachment-4770\" class=\"wp-caption-text\">Le th\u00e9\u00e2tre La Colonne, \u00e0 Miramas.<\/figcaption><\/figure>\n<p>&nbsp;<\/p>\n<figure id=\"attachment_4771\" aria-describedby=\"caption-attachment-4771\" style=\"width: 425px\" class=\"wp-caption aligncenter\"><img decoding=\"async\" class=\"size-full wp-image-4771\" title=\"Colonne g\u00e9ante du Th\u00e9\u00e2tre La Colonne, Miramas.\" src=\"http:\/\/www.artsgraphiques.net\/wp-content\/uploads\/2011\/04\/la-colonne_miramas_041.jpg\" alt=\"Photo : Colonne g\u00e9ante du Th\u00e9\u00e2tre La Colonne, \u00e0 Miramas.\" width=\"425\" height=\"425\" srcset=\"https:\/\/www.artsgraphiques.net\/wp-content\/uploads\/2011\/04\/la-colonne_miramas_041.jpg 425w, https:\/\/www.artsgraphiques.net\/wp-content\/uploads\/2011\/04\/la-colonne_miramas_041-100x100.jpg 100w, https:\/\/www.artsgraphiques.net\/wp-content\/uploads\/2011\/04\/la-colonne_miramas_041-300x300.jpg 300w, https:\/\/www.artsgraphiques.net\/wp-content\/uploads\/2011\/04\/la-colonne_miramas_041-416x416.jpg 416w, https:\/\/www.artsgraphiques.net\/wp-content\/uploads\/2011\/04\/la-colonne_miramas_041-150x150.jpg 150w\" sizes=\"(max-width: 425px) 100vw, 425px\" \/><figcaption id=\"caption-attachment-4771\" class=\"wp-caption-text\">L&#39;entr\u00e9e du th\u00e9\u00e2tre La Colonne.<\/figcaption><\/figure>\n<p>&nbsp;<\/p>\n<figure id=\"attachment_4772\" aria-describedby=\"caption-attachment-4772\" style=\"width: 425px\" class=\"wp-caption aligncenter\"><img loading=\"lazy\" decoding=\"async\" class=\"size-full wp-image-4772\" title=\"Th\u00e9\u00e2tre La Colonne, Miramas.\" src=\"http:\/\/www.artsgraphiques.net\/wp-content\/uploads\/2011\/04\/la-colonne_miramas_031.jpg\" alt=\"Socle de la colonne du Th\u00e9\u00e2tre La Colonne, Miramas.\" width=\"425\" height=\"425\" srcset=\"https:\/\/www.artsgraphiques.net\/wp-content\/uploads\/2011\/04\/la-colonne_miramas_031.jpg 425w, https:\/\/www.artsgraphiques.net\/wp-content\/uploads\/2011\/04\/la-colonne_miramas_031-100x100.jpg 100w, https:\/\/www.artsgraphiques.net\/wp-content\/uploads\/2011\/04\/la-colonne_miramas_031-300x300.jpg 300w, https:\/\/www.artsgraphiques.net\/wp-content\/uploads\/2011\/04\/la-colonne_miramas_031-416x416.jpg 416w, https:\/\/www.artsgraphiques.net\/wp-content\/uploads\/2011\/04\/la-colonne_miramas_031-150x150.jpg 150w\" sizes=\"(max-width: 425px) 100vw, 425px\" \/><figcaption id=\"caption-attachment-4772\" class=\"wp-caption-text\">Le socle de la colonne.<\/figcaption><\/figure>\n<p>&nbsp;<\/p>\n<figure id=\"attachment_4773\" aria-describedby=\"caption-attachment-4773\" style=\"width: 425px\" class=\"wp-caption aligncenter\"><img loading=\"lazy\" decoding=\"async\" class=\"size-full wp-image-4773\" title=\"Th\u00e9\u00e2tre La Colonne, Miramas.\" src=\"http:\/\/www.artsgraphiques.net\/wp-content\/uploads\/2011\/04\/la-colonne_miramas_021.jpg\" alt=\"Socle de la colonne g\u00e9ante du Th\u00e9\u00e2tre La Colonne, Miramas.\" width=\"425\" height=\"425\" srcset=\"https:\/\/www.artsgraphiques.net\/wp-content\/uploads\/2011\/04\/la-colonne_miramas_021.jpg 425w, https:\/\/www.artsgraphiques.net\/wp-content\/uploads\/2011\/04\/la-colonne_miramas_021-100x100.jpg 100w, https:\/\/www.artsgraphiques.net\/wp-content\/uploads\/2011\/04\/la-colonne_miramas_021-300x300.jpg 300w, https:\/\/www.artsgraphiques.net\/wp-content\/uploads\/2011\/04\/la-colonne_miramas_021-416x416.jpg 416w, https:\/\/www.artsgraphiques.net\/wp-content\/uploads\/2011\/04\/la-colonne_miramas_021-150x150.jpg 150w\" sizes=\"(max-width: 425px) 100vw, 425px\" \/><figcaption id=\"caption-attachment-4773\" class=\"wp-caption-text\">Le mur du socle et ses mosa\u00efques qui forment un &quot;monochrome&quot;.<\/figcaption><\/figure>\n<p>&nbsp;<\/p>\n<figure id=\"attachment_4774\" aria-describedby=\"caption-attachment-4774\" style=\"width: 425px\" class=\"wp-caption aligncenter\"><img loading=\"lazy\" decoding=\"async\" class=\"size-full wp-image-4774\" title=\"Th\u00e9\u00e2tre La Colonne, Miramas.\" src=\"http:\/\/www.artsgraphiques.net\/wp-content\/uploads\/2011\/04\/la-colonne_miramas1.jpg\" alt=\"Photo vue en contre-plong\u00e9e : Th\u00e9\u00e2tre La Colonne, Miramas.\" width=\"425\" height=\"425\" srcset=\"https:\/\/www.artsgraphiques.net\/wp-content\/uploads\/2011\/04\/la-colonne_miramas1.jpg 425w, https:\/\/www.artsgraphiques.net\/wp-content\/uploads\/2011\/04\/la-colonne_miramas1-100x100.jpg 100w, https:\/\/www.artsgraphiques.net\/wp-content\/uploads\/2011\/04\/la-colonne_miramas1-300x300.jpg 300w, https:\/\/www.artsgraphiques.net\/wp-content\/uploads\/2011\/04\/la-colonne_miramas1-416x416.jpg 416w, https:\/\/www.artsgraphiques.net\/wp-content\/uploads\/2011\/04\/la-colonne_miramas1-150x150.jpg 150w\" sizes=\"(max-width: 425px) 100vw, 425px\" \/><figcaption id=\"caption-attachment-4774\" class=\"wp-caption-text\">Vue en contre-plong\u00e9e de la colonne.<\/figcaption><\/figure>\n<p>Envie de voir d&rsquo;autres photos ? Cliquez sur ce lien :\u00a0<a href=\"http:\/\/instagrid.me\/yagraphic\/\">http:\/\/instagrid.me\/yagraphic\/<\/a><\/p>","protected":false},"excerpt":{"rendered":"<p>Le th\u00e9\u00e2tre La Colonne est un\u00a0Centre Culturel situ\u00e9 \u00e0 la&hellip;<\/p>\n<p> <a class=\"more-link\" href=\"https:\/\/www.artsgraphiques.net\/en\/photos-la-colonne-miramas\/\">Read more<\/a><\/p>","protected":false},"author":1,"featured_media":0,"comment_status":"open","ping_status":"open","sticky":false,"template":"","format":"standard","meta":{"footnotes":""},"categories":[9],"tags":[368,371,439],"class_list":{"0":"post-4768","1":"post","2":"type-post","3":"status-publish","4":"format-standard","6":"category-photo","7":"tag-photo-architecture","8":"tag-photo-miramas","9":"tag-theatre-la-colonne"},"aioseo_notices":[],"_links":{"self":[{"href":"https:\/\/www.artsgraphiques.net\/en\/wp-json\/wp\/v2\/posts\/4768","targetHints":{"allow":["GET"]}}],"collection":[{"href":"https:\/\/www.artsgraphiques.net\/en\/wp-json\/wp\/v2\/posts"}],"about":[{"href":"https:\/\/www.artsgraphiques.net\/en\/wp-json\/wp\/v2\/types\/post"}],"author":[{"embeddable":true,"href":"https:\/\/www.artsgraphiques.net\/en\/wp-json\/wp\/v2\/users\/1"}],"replies":[{"embeddable":true,"href":"https:\/\/www.artsgraphiques.net\/en\/wp-json\/wp\/v2\/comments?post=4768"}],"version-history":[{"count":0,"href":"https:\/\/www.artsgraphiques.net\/en\/wp-json\/wp\/v2\/posts\/4768\/revisions"}],"wp:attachment":[{"href":"https:\/\/www.artsgraphiques.net\/en\/wp-json\/wp\/v2\/media?parent=4768"}],"wp:term":[{"taxonomy":"category","embeddable":true,"href":"https:\/\/www.artsgraphiques.net\/en\/wp-json\/wp\/v2\/categories?post=4768"},{"taxonomy":"post_tag","embeddable":true,"href":"https:\/\/www.artsgraphiques.net\/en\/wp-json\/wp\/v2\/tags?post=4768"}],"curies":[{"name":"wp","href":"https:\/\/api.w.org\/{rel}","templated":true}]}}