{"id":5018,"date":"2012-04-22T01:50:53","date_gmt":"2012-04-21T23:50:53","guid":{"rendered":"http:\/\/illustration.ya-graphic.com\/?p=5018"},"modified":"2012-04-22T01:50:53","modified_gmt":"2012-04-21T23:50:53","slug":"graphisme-indecision","status":"publish","type":"post","link":"https:\/\/www.artsgraphiques.net\/en\/graphisme-indecision\/","title":{"rendered":"[graphisme] L&rsquo;ind\u00e9cision"},"content":{"rendered":"<p><img fetchpriority=\"high\" decoding=\"async\" class=\"aligncenter size-full wp-image-5019\" title=\"Quelle extension de domaine choisir ?\" src=\"http:\/\/www.artsgraphiques.net\/wp-content\/uploads\/2012\/04\/quelle-extension-de-domaine-choisir1.jpg\" alt=\"Graphisme au stylo noir et feutre couleur. Quelle extension de domaine choisir ?\" width=\"594\" height=\"523\" srcset=\"https:\/\/www.artsgraphiques.net\/wp-content\/uploads\/2012\/04\/quelle-extension-de-domaine-choisir1.jpg 594w, https:\/\/www.artsgraphiques.net\/wp-content\/uploads\/2012\/04\/quelle-extension-de-domaine-choisir1-416x366.jpg 416w, https:\/\/www.artsgraphiques.net\/wp-content\/uploads\/2012\/04\/quelle-extension-de-domaine-choisir1-300x264.jpg 300w\" sizes=\"(max-width: 594px) 100vw, 594px\" \/><\/p>\n<p style=\"text-align: justify;\">Le <em>.com<\/em> ou le <em>.fr<\/em> ? Le <em>.net<\/em> ou le <em>.info<\/em> ? Pas toujours facile de choisir ! Il vous est peut-\u00eatre d\u00e9j\u00e0 arriv\u00e9 d&rsquo;h\u00e9siter entre deux <strong>extensions de nom de domaine<\/strong>. Pas le droit \u00e0 l&rsquo;erreur, le choix doit \u00eatre le bon pour ne pas regretter.<\/p>\n<p style=\"text-align: justify;\">Ce <strong>graphisme<\/strong> montre l&rsquo;ind\u00e9cision. Incertain, embarrass\u00e9, le personnage est divis\u00e9 par deux solutions, deux choix, deux chemins diff\u00e9rents qui m\u00e8nent pourtant \u00e0 un lieu unique.<\/p>\n<p style=\"text-align: justify;\">Dans ce graphisme j&rsquo;ai fait le choix du <strong>stylo noir<\/strong> et du <strong>feutre<\/strong> &#8211; plut\u00f4t inhabituel chez moi. Les <strong>motifs graphiques<\/strong> sont des cr\u00e9ations hasardeuses non d\u00e9nu\u00e9es d&rsquo;un certain esth\u00e9tisme : boucles, spirales, motifs g\u00e9om\u00e9triques, \u00e9l\u00e9ments informes.<\/p>","protected":false},"excerpt":{"rendered":"<p>Le .com ou le .fr ? Le .net ou le&hellip;<\/p>\n<p> <a class=\"more-link\" href=\"https:\/\/www.artsgraphiques.net\/en\/graphisme-indecision\/\">Read more<\/a><\/p>","protected":false},"author":1,"featured_media":0,"comment_status":"open","ping_status":"open","sticky":false,"template":"","format":"standard","meta":{"footnotes":""},"categories":[7],"tags":[184,210,270,431],"class_list":{"0":"post-5018","1":"post","2":"type-post","3":"status-publish","4":"format-standard","6":"category-illustration","7":"tag-feutre","8":"tag-graphisme","9":"tag-indecision","10":"tag-stylo-noir"},"aioseo_notices":[],"_links":{"self":[{"href":"https:\/\/www.artsgraphiques.net\/en\/wp-json\/wp\/v2\/posts\/5018","targetHints":{"allow":["GET"]}}],"collection":[{"href":"https:\/\/www.artsgraphiques.net\/en\/wp-json\/wp\/v2\/posts"}],"about":[{"href":"https:\/\/www.artsgraphiques.net\/en\/wp-json\/wp\/v2\/types\/post"}],"author":[{"embeddable":true,"href":"https:\/\/www.artsgraphiques.net\/en\/wp-json\/wp\/v2\/users\/1"}],"replies":[{"embeddable":true,"href":"https:\/\/www.artsgraphiques.net\/en\/wp-json\/wp\/v2\/comments?post=5018"}],"version-history":[{"count":0,"href":"https:\/\/www.artsgraphiques.net\/en\/wp-json\/wp\/v2\/posts\/5018\/revisions"}],"wp:attachment":[{"href":"https:\/\/www.artsgraphiques.net\/en\/wp-json\/wp\/v2\/media?parent=5018"}],"wp:term":[{"taxonomy":"category","embeddable":true,"href":"https:\/\/www.artsgraphiques.net\/en\/wp-json\/wp\/v2\/categories?post=5018"},{"taxonomy":"post_tag","embeddable":true,"href":"https:\/\/www.artsgraphiques.net\/en\/wp-json\/wp\/v2\/tags?post=5018"}],"curies":[{"name":"wp","href":"https:\/\/api.w.org\/{rel}","templated":true}]}}