{"id":5080,"date":"2012-05-29T01:47:58","date_gmt":"2012-05-28T23:47:58","guid":{"rendered":"http:\/\/www.artsgraphiques.net\/?p=5080"},"modified":"2012-05-29T01:47:58","modified_gmt":"2012-05-28T23:47:58","slug":"robe-jaune-ou-robe-verte","status":"publish","type":"post","link":"https:\/\/www.artsgraphiques.net\/en\/robe-jaune-ou-robe-verte\/","title":{"rendered":"Quelle robe porter ? La jaune ou la verte ?"},"content":{"rendered":"<p><img fetchpriority=\"high\" decoding=\"async\" class=\"aligncenter size-full wp-image-5081\" title=\"La robe jaune ?\" src=\"http:\/\/www.artsgraphiques.net\/wp-content\/uploads\/2012\/05\/choix-de-robe-jaune.jpg\" alt=\"Robe de couleur jaune\" width=\"617\" height=\"554\" srcset=\"https:\/\/www.artsgraphiques.net\/wp-content\/uploads\/2012\/05\/choix-de-robe-jaune.jpg 617w, https:\/\/www.artsgraphiques.net\/wp-content\/uploads\/2012\/05\/choix-de-robe-jaune-600x539.jpg 600w, https:\/\/www.artsgraphiques.net\/wp-content\/uploads\/2012\/05\/choix-de-robe-jaune-300x269.jpg 300w\" sizes=\"(max-width: 617px) 100vw, 617px\" \/><\/p>\n<p>La personne ci-dessus se demande quelle robe porter ? Elle h\u00e9site. La robe jaune ou la robe verte ? Elle a l&rsquo;air bien emb\u00eat\u00e9e. Vous pourriez peut-\u00eatre l&rsquo;aider non ? Laquelle des deux couleurs lui va le mieux selon vous ?<\/p>\n<p><img decoding=\"async\" class=\"aligncenter size-full wp-image-5082\" title=\"La robe verte\" src=\"http:\/\/www.artsgraphiques.net\/wp-content\/uploads\/2012\/05\/choix-de-robe-verte.jpg\" alt=\"Choix de robe : couleur vert\" width=\"617\" height=\"554\" srcset=\"https:\/\/www.artsgraphiques.net\/wp-content\/uploads\/2012\/05\/choix-de-robe-verte.jpg 617w, https:\/\/www.artsgraphiques.net\/wp-content\/uploads\/2012\/05\/choix-de-robe-verte-600x539.jpg 600w, https:\/\/www.artsgraphiques.net\/wp-content\/uploads\/2012\/05\/choix-de-robe-verte-300x269.jpg 300w\" sizes=\"(max-width: 617px) 100vw, 617px\" \/><\/p>","protected":false},"excerpt":{"rendered":"<p>La personne ci-dessus se demande quelle robe porter ? Elle&hellip;<\/p>\n<p> <a class=\"more-link\" href=\"https:\/\/www.artsgraphiques.net\/en\/robe-jaune-ou-robe-verte\/\">Read more<\/a><\/p>","protected":false},"author":1,"featured_media":0,"comment_status":"open","ping_status":"open","sticky":false,"template":"","format":"standard","meta":{"footnotes":""},"categories":[7],"tags":[105,474,473],"class_list":{"0":"post-5080","1":"post","2":"type-post","3":"status-publish","4":"format-standard","6":"category-illustration","7":"tag-couleur-jaune","8":"tag-couleur-vert","9":"tag-robe"},"aioseo_notices":[],"_links":{"self":[{"href":"https:\/\/www.artsgraphiques.net\/en\/wp-json\/wp\/v2\/posts\/5080","targetHints":{"allow":["GET"]}}],"collection":[{"href":"https:\/\/www.artsgraphiques.net\/en\/wp-json\/wp\/v2\/posts"}],"about":[{"href":"https:\/\/www.artsgraphiques.net\/en\/wp-json\/wp\/v2\/types\/post"}],"author":[{"embeddable":true,"href":"https:\/\/www.artsgraphiques.net\/en\/wp-json\/wp\/v2\/users\/1"}],"replies":[{"embeddable":true,"href":"https:\/\/www.artsgraphiques.net\/en\/wp-json\/wp\/v2\/comments?post=5080"}],"version-history":[{"count":2,"href":"https:\/\/www.artsgraphiques.net\/en\/wp-json\/wp\/v2\/posts\/5080\/revisions"}],"predecessor-version":[{"id":5084,"href":"https:\/\/www.artsgraphiques.net\/en\/wp-json\/wp\/v2\/posts\/5080\/revisions\/5084"}],"wp:attachment":[{"href":"https:\/\/www.artsgraphiques.net\/en\/wp-json\/wp\/v2\/media?parent=5080"}],"wp:term":[{"taxonomy":"category","embeddable":true,"href":"https:\/\/www.artsgraphiques.net\/en\/wp-json\/wp\/v2\/categories?post=5080"},{"taxonomy":"post_tag","embeddable":true,"href":"https:\/\/www.artsgraphiques.net\/en\/wp-json\/wp\/v2\/tags?post=5080"}],"curies":[{"name":"wp","href":"https:\/\/api.w.org\/{rel}","templated":true}]}}