{"id":5175,"date":"2012-09-29T21:18:29","date_gmt":"2012-09-29T19:18:29","guid":{"rendered":"http:\/\/www.artsgraphiques.net\/?p=5175"},"modified":"2012-09-29T21:18:29","modified_gmt":"2012-09-29T19:18:29","slug":"etang-de-berre","status":"publish","type":"post","link":"https:\/\/www.artsgraphiques.net\/en\/etang-de-berre\/","title":{"rendered":"L&rsquo;\u00e9tang de Berre sous le ciel orageux [photo]"},"content":{"rendered":"<p><img fetchpriority=\"high\" decoding=\"async\" class=\"aligncenter size-full wp-image-5176\" title=\"\u00c9tang de Berre\" src=\"http:\/\/www.artsgraphiques.net\/wp-content\/uploads\/2012\/09\/etang-de-berre.jpg\" alt=\"\u00c9tang de Berre sous l'orage.\" width=\"595\" height=\"397\" srcset=\"https:\/\/www.artsgraphiques.net\/wp-content\/uploads\/2012\/09\/etang-de-berre.jpg 595w, https:\/\/www.artsgraphiques.net\/wp-content\/uploads\/2012\/09\/etang-de-berre-416x278.jpg 416w, https:\/\/www.artsgraphiques.net\/wp-content\/uploads\/2012\/09\/etang-de-berre-300x200.jpg 300w\" sizes=\"(max-width: 595px) 100vw, 595px\" \/><strong>L&rsquo;\u00e9tang de Berre<\/strong> sous le ciel orageux. Cette photo noir et blanc de l&rsquo;\u00e9tang de Berre a \u00e9t\u00e9 prise depuis la route de l&rsquo;Au-del\u00e0, entre Miramas et Istres.<\/p>\n<p><img decoding=\"async\" class=\"aligncenter size-full wp-image-5178\" title=\"\u00c9tang de Berre\" src=\"http:\/\/www.artsgraphiques.net\/wp-content\/uploads\/2012\/09\/etang-de-berre_parapluie.jpg\" alt=\"\u00c9tang de Berre vu derri\u00e8re un parapluie transparent.\" width=\"595\" height=\"397\" srcset=\"https:\/\/www.artsgraphiques.net\/wp-content\/uploads\/2012\/09\/etang-de-berre_parapluie.jpg 595w, https:\/\/www.artsgraphiques.net\/wp-content\/uploads\/2012\/09\/etang-de-berre_parapluie-416x278.jpg 416w, https:\/\/www.artsgraphiques.net\/wp-content\/uploads\/2012\/09\/etang-de-berre_parapluie-300x200.jpg 300w\" sizes=\"(max-width: 595px) 100vw, 595px\" \/><\/p>\n<p>Cidessus, l&rsquo;\u00e9tang de Berre vu \u00e0 travers mon parapluie (transparent).<\/p>","protected":false},"excerpt":{"rendered":"<p>L&rsquo;\u00e9tang de Berre sous le ciel orageux. Cette photo noir&hellip;<\/p>\n<p> <a class=\"more-link\" href=\"https:\/\/www.artsgraphiques.net\/en\/etang-de-berre\/\">Read more<\/a><\/p>","protected":false},"author":1,"featured_media":0,"comment_status":"open","ping_status":"open","sticky":false,"template":"","format":"standard","meta":{"footnotes":""},"categories":[9],"tags":[503,504,502,505],"class_list":{"0":"post-5175","1":"post","2":"type-post","3":"status-publish","4":"format-standard","6":"category-photo","7":"tag-ciel-orageux","8":"tag-etang-de-berre","9":"tag-orage","10":"tag-photo-noir-et-blanc"},"aioseo_notices":[],"_links":{"self":[{"href":"https:\/\/www.artsgraphiques.net\/en\/wp-json\/wp\/v2\/posts\/5175","targetHints":{"allow":["GET"]}}],"collection":[{"href":"https:\/\/www.artsgraphiques.net\/en\/wp-json\/wp\/v2\/posts"}],"about":[{"href":"https:\/\/www.artsgraphiques.net\/en\/wp-json\/wp\/v2\/types\/post"}],"author":[{"embeddable":true,"href":"https:\/\/www.artsgraphiques.net\/en\/wp-json\/wp\/v2\/users\/1"}],"replies":[{"embeddable":true,"href":"https:\/\/www.artsgraphiques.net\/en\/wp-json\/wp\/v2\/comments?post=5175"}],"version-history":[{"count":3,"href":"https:\/\/www.artsgraphiques.net\/en\/wp-json\/wp\/v2\/posts\/5175\/revisions"}],"predecessor-version":[{"id":5180,"href":"https:\/\/www.artsgraphiques.net\/en\/wp-json\/wp\/v2\/posts\/5175\/revisions\/5180"}],"wp:attachment":[{"href":"https:\/\/www.artsgraphiques.net\/en\/wp-json\/wp\/v2\/media?parent=5175"}],"wp:term":[{"taxonomy":"category","embeddable":true,"href":"https:\/\/www.artsgraphiques.net\/en\/wp-json\/wp\/v2\/categories?post=5175"},{"taxonomy":"post_tag","embeddable":true,"href":"https:\/\/www.artsgraphiques.net\/en\/wp-json\/wp\/v2\/tags?post=5175"}],"curies":[{"name":"wp","href":"https:\/\/api.w.org\/{rel}","templated":true}]}}