{"id":5181,"date":"2013-01-21T01:03:24","date_gmt":"2013-01-21T00:03:24","guid":{"rendered":"http:\/\/www.artsgraphiques.net\/?p=5181"},"modified":"2015-10-30T20:31:00","modified_gmt":"2015-10-30T19:31:00","slug":"nuit-etoilee","status":"publish","type":"post","link":"https:\/\/www.artsgraphiques.net\/en\/nuit-etoilee\/","title":{"rendered":"R\u00eaveur \u00e9veill\u00e9 dans une nuit \u00e9toil\u00e9e [illustration]"},"content":{"rendered":"<figure id=\"attachment_5182\" aria-describedby=\"caption-attachment-5182\" style=\"width: 595px\" class=\"wp-caption aligncenter\"><img fetchpriority=\"high\" decoding=\"async\" class=\"wp-image-5182 size-full\" title=\"R\u00eaveur\" src=\"http:\/\/www.artsgraphiques.net\/wp-content\/uploads\/2013\/01\/reveur.jpg\" alt=\"R\u00eaveur: la nuit porte conseil ?\" width=\"595\" height=\"458\" srcset=\"https:\/\/www.artsgraphiques.net\/wp-content\/uploads\/2013\/01\/reveur.jpg 595w, https:\/\/www.artsgraphiques.net\/wp-content\/uploads\/2013\/01\/reveur-416x320.jpg 416w, https:\/\/www.artsgraphiques.net\/wp-content\/uploads\/2013\/01\/reveur-300x230.jpg 300w\" sizes=\"(max-width: 595px) 100vw, 595px\" \/><figcaption id=\"caption-attachment-5182\" class=\"wp-caption-text\">Le r\u00eaveur (2013, tous droits r\u00e9serv\u00e9s).<\/figcaption><\/figure>\n<p>La nuit porte-t-elle conseil ? Ce r\u00eaveur attend des r\u00e9ponses \u00e0 ses questions. La nuit \u00e9toil\u00e9e \u00e9clairera peut-\u00eatre ses id\u00e9es.<\/p>\n<p>J&rsquo;ai cr\u00e9\u00e9 cette illustration pour illustrer un article. Le sujet est \u00ab\u00a0Trois bonnes raisons de faire un break en blogging\u00a0\u00bb. Faire un break permet de se remettre en question, de se remotiver et de trouver plus d&rsquo;inspiration.<\/p>\n<p>Pourquoi cette illustration ? L&rsquo;id\u00e9e du dessin m&rsquo;est venu naturellement. Je n&rsquo;ai pas cherch\u00e9. Ce personnage qui semble r\u00eaveur prend le temps de ne rien faire pour penser, r\u00e9fl\u00e9chir, m\u00e9diter.<\/p>\n<p>Cette image est disponible dans la banque d&rsquo;images Fotolia\u00a0<a href=\"https:\/\/fr.fotolia.com\/id\/94511713\" target=\"_blank\" rel=\"nofollow\">https:\/\/fr.fotolia.com\/id\/94511713<\/a><\/p>","protected":false},"excerpt":{"rendered":"<p>La nuit porte-t-elle conseil ? Ce r\u00eaveur attend des r\u00e9ponses&hellip;<\/p>\n<p> <a class=\"more-link\" href=\"https:\/\/www.artsgraphiques.net\/en\/nuit-etoilee\/\">Read more<\/a><\/p>","protected":false},"author":1,"featured_media":0,"comment_status":"open","ping_status":"open","sticky":false,"template":"","format":"standard","meta":{"footnotes":""},"categories":[7],"tags":[574,507,506],"class_list":{"0":"post-5181","1":"post","2":"type-post","3":"status-publish","4":"format-standard","6":"category-illustration","7":"tag-nuit","8":"tag-nuit-etoilee","9":"tag-reveur"},"aioseo_notices":[],"_links":{"self":[{"href":"https:\/\/www.artsgraphiques.net\/en\/wp-json\/wp\/v2\/posts\/5181","targetHints":{"allow":["GET"]}}],"collection":[{"href":"https:\/\/www.artsgraphiques.net\/en\/wp-json\/wp\/v2\/posts"}],"about":[{"href":"https:\/\/www.artsgraphiques.net\/en\/wp-json\/wp\/v2\/types\/post"}],"author":[{"embeddable":true,"href":"https:\/\/www.artsgraphiques.net\/en\/wp-json\/wp\/v2\/users\/1"}],"replies":[{"embeddable":true,"href":"https:\/\/www.artsgraphiques.net\/en\/wp-json\/wp\/v2\/comments?post=5181"}],"version-history":[{"count":7,"href":"https:\/\/www.artsgraphiques.net\/en\/wp-json\/wp\/v2\/posts\/5181\/revisions"}],"predecessor-version":[{"id":5510,"href":"https:\/\/www.artsgraphiques.net\/en\/wp-json\/wp\/v2\/posts\/5181\/revisions\/5510"}],"wp:attachment":[{"href":"https:\/\/www.artsgraphiques.net\/en\/wp-json\/wp\/v2\/media?parent=5181"}],"wp:term":[{"taxonomy":"category","embeddable":true,"href":"https:\/\/www.artsgraphiques.net\/en\/wp-json\/wp\/v2\/categories?post=5181"},{"taxonomy":"post_tag","embeddable":true,"href":"https:\/\/www.artsgraphiques.net\/en\/wp-json\/wp\/v2\/tags?post=5181"}],"curies":[{"name":"wp","href":"https:\/\/api.w.org\/{rel}","templated":true}]}}