{"id":5403,"date":"2015-06-09T09:49:34","date_gmt":"2015-06-09T07:49:34","guid":{"rendered":"http:\/\/www.artsgraphiques.net\/?p=5403"},"modified":"2015-06-09T09:50:09","modified_gmt":"2015-06-09T07:50:09","slug":"massif-rocheux-de-lancon-de-provence-en-photo","status":"publish","type":"post","link":"https:\/\/www.artsgraphiques.net\/en\/massif-rocheux-de-lancon-de-provence-en-photo\/","title":{"rendered":"Massif rocheux de Lan\u00e7on-de-Provence en photo"},"content":{"rendered":"<p>Depuis mon plus jeune \u00e2ge j&rsquo;ai toujours regard\u00e9 de loin les collines vertes avec ses masses rocheuses qu&rsquo;on peut voir\u00a0depuis\u00a0la route D10 qui relie Saint Chamas\u00a0et\u00a0La Fare-les-Oliviers. Cette partie de paysage fait\u00a0partie de <strong>Lan\u00e7on-de-Provence<\/strong>. J&rsquo;ai toujours voulu voir \u00e7a de pr\u00e8s, donc fin mai 2015 je\u00a0m&rsquo;y suis aventur\u00e9.<\/p>\n<p><img fetchpriority=\"high\" decoding=\"async\" class=\"alignnone size-full wp-image-5404\" src=\"http:\/\/www.artsgraphiques.net\/wp-content\/uploads\/2015\/06\/limestone-rock-1-0.jpg\" alt=\"Massifs rocheux calcaires Lan\u00e7on-de-Provence\" width=\"700\" height=\"500\" srcset=\"https:\/\/www.artsgraphiques.net\/wp-content\/uploads\/2015\/06\/limestone-rock-1-0.jpg 700w, https:\/\/www.artsgraphiques.net\/wp-content\/uploads\/2015\/06\/limestone-rock-1-0-600x429.jpg 600w, https:\/\/www.artsgraphiques.net\/wp-content\/uploads\/2015\/06\/limestone-rock-1-0-300x214.jpg 300w\" sizes=\"(max-width: 700px) 100vw, 700px\" \/><!--more--><\/p>\n<p>Arriv\u00e9\u00a0au\u00a0ch\u00e2teau Calissanne je suis pass\u00e9 derri\u00e8re, entre les oliviers. On trouve un chemin qui m\u00e8ne vers les collines. Voil\u00e0 enfin l&rsquo;inconnu ! J&rsquo;allais enfin remplir ma carafe de curiosit\u00e9.<\/p>\n<p>Dans cette zone calme on ne trouve\u00a0personne mis \u00e0 part la faune m\u00e9diterran\u00e9enne. Au mois de mai on n&rsquo;entend pas encore les cigales. Nuque frapp\u00e9e par le soleil, gorge ass\u00e9ch\u00e9e et sueur au front, j&rsquo;avan\u00e7ais au hasard. Les <strong>massifs rocheux<\/strong> \u00e9taient tout pr\u00e8s de moi.<\/p>\n<p>Je ne suis pas reparti les mains vides : j&rsquo;ai pris quelques photos qu&rsquo;on peut voir en haute r\u00e9solution dans mon espace <a href=\"https:\/\/www.flickr.com\/photos\/ya-graphic-design\/18467484471\/in\/dateposted-public\/\" target=\"_blank\">Flickr<\/a>\u00a0et quelques brindilles de romarin (pour la cuisine).<\/p>","protected":false},"excerpt":{"rendered":"<p>Depuis mon plus jeune \u00e2ge j&rsquo;ai toujours regard\u00e9 de loin&hellip;<\/p>\n<p> <a class=\"more-link\" href=\"https:\/\/www.artsgraphiques.net\/en\/massif-rocheux-de-lancon-de-provence-en-photo\/\">Read more<\/a><\/p>","protected":false},"author":1,"featured_media":0,"comment_status":"open","ping_status":"open","sticky":false,"template":"","format":"standard","meta":{"footnotes":""},"categories":[9],"tags":[552,551,550,494],"class_list":{"0":"post-5403","1":"post","2":"type-post","3":"status-publish","4":"format-standard","6":"category-photo","7":"tag-colline","8":"tag-massif","9":"tag-mediterranee","10":"tag-provence"},"aioseo_notices":[],"_links":{"self":[{"href":"https:\/\/www.artsgraphiques.net\/en\/wp-json\/wp\/v2\/posts\/5403","targetHints":{"allow":["GET"]}}],"collection":[{"href":"https:\/\/www.artsgraphiques.net\/en\/wp-json\/wp\/v2\/posts"}],"about":[{"href":"https:\/\/www.artsgraphiques.net\/en\/wp-json\/wp\/v2\/types\/post"}],"author":[{"embeddable":true,"href":"https:\/\/www.artsgraphiques.net\/en\/wp-json\/wp\/v2\/users\/1"}],"replies":[{"embeddable":true,"href":"https:\/\/www.artsgraphiques.net\/en\/wp-json\/wp\/v2\/comments?post=5403"}],"version-history":[{"count":4,"href":"https:\/\/www.artsgraphiques.net\/en\/wp-json\/wp\/v2\/posts\/5403\/revisions"}],"predecessor-version":[{"id":5408,"href":"https:\/\/www.artsgraphiques.net\/en\/wp-json\/wp\/v2\/posts\/5403\/revisions\/5408"}],"wp:attachment":[{"href":"https:\/\/www.artsgraphiques.net\/en\/wp-json\/wp\/v2\/media?parent=5403"}],"wp:term":[{"taxonomy":"category","embeddable":true,"href":"https:\/\/www.artsgraphiques.net\/en\/wp-json\/wp\/v2\/categories?post=5403"},{"taxonomy":"post_tag","embeddable":true,"href":"https:\/\/www.artsgraphiques.net\/en\/wp-json\/wp\/v2\/tags?post=5403"}],"curies":[{"name":"wp","href":"https:\/\/api.w.org\/{rel}","templated":true}]}}