{"id":5419,"date":"2015-09-02T19:01:04","date_gmt":"2015-09-02T17:01:04","guid":{"rendered":"http:\/\/www.artsgraphiques.net\/?p=5419"},"modified":"2015-09-02T19:01:04","modified_gmt":"2015-09-02T17:01:04","slug":"dessin-denfant-en-colere","status":"publish","type":"post","link":"https:\/\/www.artsgraphiques.net\/en\/dessin-denfant-en-colere\/","title":{"rendered":"Dessin d&rsquo;enfant en col\u00e8re"},"content":{"rendered":"<p>Quel enfant n\u2019attrape pas sa petite col\u00e8re\u00a0&#8211; caca nerveux\u00a0&#8211;\u00a0ou ne fait pas son petit caprice ? Tous les parents savent de quoi je parle&#8230; \ud83d\ude42\u00a0J&rsquo;ai pris plaisir \u00e0 cr\u00e9er\u00a0ces deux dessins d&rsquo;enfant en col\u00e8re.<\/p>\n<p>La col\u00e8re chez un enfant c&rsquo;est mignon et sympathique. Dans ces dessins,\u00a0m\u00eame \u00e9nerv\u00e9 l&rsquo;enfant reste\u00a0dr\u00f4le. Son\u00a0corps, en noir, est stylis\u00e9.\u00a0Le premier dessin d&rsquo;enfant appara\u00eet dans une image sur fond rouge &#8211; le rouge du sang qui monte \u00e0 la t\u00eate -, son visage a la peau rose. Je pense cr\u00e9er d&rsquo;autres versions avec la t\u00eate rouge et le fond blanc. Je lui ai fait des pommettes rouges et une petite veine gonfl\u00e9e sur le front &#8211; traits caract\u00e9ristiques du manga. Le second dessin c&rsquo;est le m\u00eame enfant mais cr\u00e9\u00e9 sur un fond blanc. Autour de la t\u00eate j&rsquo;ai dessin\u00e9\u00a0de petits \u00e9clairs, comme quand\u00a0l&rsquo;orage \u00e9clate.<\/p>\n<h2>Dessin sur fond rouge<\/h2>\n<p>On me demande parfois une autorisation pour utiliser\u00a0mes images, donc j&rsquo;ai mis ce dessin dans Fotolia, il est disponible en t\u00e9l\u00e9chargement ici\u00a0<a href=\"https:\/\/fr.fotolia.com\/id\/90206995\" target=\"_blank\">https:\/\/fr.fotolia.com\/id\/90206995<\/a>\u00a0<!--more--><\/p>\n<p><img fetchpriority=\"high\" decoding=\"async\" class=\"alignnone size-full wp-image-5420\" src=\"http:\/\/www.artsgraphiques.net\/wp-content\/uploads\/2015\/09\/enfant-en-colere.jpg\" alt=\"Dessin enfant en col\u00e8re sur fond rouge\" width=\"495\" height=\"274\" srcset=\"https:\/\/www.artsgraphiques.net\/wp-content\/uploads\/2015\/09\/enfant-en-colere.jpg 495w, https:\/\/www.artsgraphiques.net\/wp-content\/uploads\/2015\/09\/enfant-en-colere-416x230.jpg 416w, https:\/\/www.artsgraphiques.net\/wp-content\/uploads\/2015\/09\/enfant-en-colere-300x166.jpg 300w\" sizes=\"(max-width: 495px) 100vw, 495px\" \/><\/p>\n<h2>Dessin sur fond blanc<\/h2>\n<p>M\u00eame chose pour ce\u00a0dessin sur fond blanc, il est disponible en t\u00e9l\u00e9chargement chez Fotolia\u00a0<a href=\"https:\/\/fr.fotolia.com\/id\/89974988\" target=\"_blank\">https:\/\/fr.fotolia.com\/id\/89974988<\/a><\/p>\n<p><img decoding=\"async\" class=\"alignnone size-full wp-image-5421\" src=\"http:\/\/www.artsgraphiques.net\/wp-content\/uploads\/2015\/09\/enfant-en-colere-blc.jpg\" alt=\"Dessin enfant en col\u00e8re sur fond blanc\" width=\"502\" height=\"283\" srcset=\"https:\/\/www.artsgraphiques.net\/wp-content\/uploads\/2015\/09\/enfant-en-colere-blc.jpg 502w, https:\/\/www.artsgraphiques.net\/wp-content\/uploads\/2015\/09\/enfant-en-colere-blc-500x283.jpg 500w, https:\/\/www.artsgraphiques.net\/wp-content\/uploads\/2015\/09\/enfant-en-colere-blc-416x235.jpg 416w, https:\/\/www.artsgraphiques.net\/wp-content\/uploads\/2015\/09\/enfant-en-colere-blc-300x169.jpg 300w\" sizes=\"(max-width: 502px) 100vw, 502px\" \/><\/p>\n<p>Vous pouvez utiliser ces\u00a0images d&rsquo;enfant en col\u00e8re dans diff\u00e9rents supports ou m\u00e9dias\u00a0:<\/p>\n<ul>\n<li>pour\u00a0votre site\u00a0web<\/li>\n<li>pour un document imprim\u00e9<\/li>\n<li>pour\u00a0une\u00a0publicit\u00e9\u00a0dans votre\u00a0magazine<\/li>\n<li>pour un article de votre blog<\/li>\n<li>pour votre\u00a0compte de r\u00e9seau social<\/li>\n<li>pour une\u00a0application de smartphone<\/li>\n<\/ul>\n<p>Si j&rsquo;en cr\u00e9e d&rsquo;autres, je les ajouterai dans cet article. \ud83d\ude42<\/p>","protected":false},"excerpt":{"rendered":"<p>Quel enfant n\u2019attrape pas sa petite col\u00e8re\u00a0&#8211; caca nerveux\u00a0&#8211;\u00a0ou ne&hellip;<\/p>\n<p> <a class=\"more-link\" href=\"https:\/\/www.artsgraphiques.net\/en\/dessin-denfant-en-colere\/\">Read more<\/a><\/p>","protected":false},"author":1,"featured_media":0,"comment_status":"open","ping_status":"open","sticky":false,"template":"","format":"standard","meta":{"footnotes":""},"categories":[7],"tags":[558,89,110,137,236],"class_list":{"0":"post-5419","1":"post","2":"type-post","3":"status-publish","4":"format-standard","6":"category-illustration","7":"tag-caprice","8":"tag-colere","9":"tag-crise-de-colere","10":"tag-dessin-enfant","11":"tag-illustration-enfant"},"aioseo_notices":[],"_links":{"self":[{"href":"https:\/\/www.artsgraphiques.net\/en\/wp-json\/wp\/v2\/posts\/5419","targetHints":{"allow":["GET"]}}],"collection":[{"href":"https:\/\/www.artsgraphiques.net\/en\/wp-json\/wp\/v2\/posts"}],"about":[{"href":"https:\/\/www.artsgraphiques.net\/en\/wp-json\/wp\/v2\/types\/post"}],"author":[{"embeddable":true,"href":"https:\/\/www.artsgraphiques.net\/en\/wp-json\/wp\/v2\/users\/1"}],"replies":[{"embeddable":true,"href":"https:\/\/www.artsgraphiques.net\/en\/wp-json\/wp\/v2\/comments?post=5419"}],"version-history":[{"count":2,"href":"https:\/\/www.artsgraphiques.net\/en\/wp-json\/wp\/v2\/posts\/5419\/revisions"}],"predecessor-version":[{"id":5423,"href":"https:\/\/www.artsgraphiques.net\/en\/wp-json\/wp\/v2\/posts\/5419\/revisions\/5423"}],"wp:attachment":[{"href":"https:\/\/www.artsgraphiques.net\/en\/wp-json\/wp\/v2\/media?parent=5419"}],"wp:term":[{"taxonomy":"category","embeddable":true,"href":"https:\/\/www.artsgraphiques.net\/en\/wp-json\/wp\/v2\/categories?post=5419"},{"taxonomy":"post_tag","embeddable":true,"href":"https:\/\/www.artsgraphiques.net\/en\/wp-json\/wp\/v2\/tags?post=5419"}],"curies":[{"name":"wp","href":"https:\/\/api.w.org\/{rel}","templated":true}]}}