{"id":65,"date":"2007-08-20T11:34:00","date_gmt":"2007-08-20T10:34:00","guid":{"rendered":"http:\/\/illustration.ya-graphic.com\/2007\/08\/mon-sejour-a-alger\/"},"modified":"2007-08-20T11:34:00","modified_gmt":"2007-08-20T10:34:00","slug":"mon-sejour-a-alger","status":"publish","type":"post","link":"https:\/\/www.artsgraphiques.net\/en\/mon-sejour-a-alger\/","title":{"rendered":"Mon s\u00e9jour \u00e0 Alger."},"content":{"rendered":"<div style=\"text-align: justify;\">J&rsquo;aimerais vous montrer quelques photos de mon s\u00e9jour \u00e0 Alger et ses environs.<span style=\"color: #ff6600;\"><br \/>\n<\/span><\/div>\n<div style=\"text-align: center;\"><img fetchpriority=\"high\" decoding=\"async\" class=\"aligncenter size-full wp-image-521\" title=\"Port Ain Taya\" src=\"http:\/\/www.artsgraphiques.net\/wp-content\/uploads\/2007\/08\/photo-alger-Port-Ain-Taya1.jpg\" alt=\"Photo Alger Port Ain Taya\" width=\"400\" height=\"302\" srcset=\"https:\/\/www.artsgraphiques.net\/wp-content\/uploads\/2007\/08\/photo-alger-Port-Ain-Taya1.jpg 400w, https:\/\/www.artsgraphiques.net\/wp-content\/uploads\/2007\/08\/photo-alger-Port-Ain-Taya1-300x226.jpg 300w\" sizes=\"(max-width: 400px) 100vw, 400px\" \/>Port de <span style=\"font-style: italic;\">&lsquo;Ain Taya<\/span> (Alg\u00e9rie, pr\u00e8s d&rsquo;Alger).<\/div>\n<div style=\"text-align: center; color: #ff6600;\">Port of <span style=\"font-style: italic;\">&lsquo;Ain Taya<\/span> (Algeria, near Algiers).<\/p>\n<\/div>\n<div style=\"text-align: center;\"><img decoding=\"async\" class=\"aligncenter size-full wp-image-522\" title=\"Port Ain Taya\" src=\"http:\/\/www.artsgraphiques.net\/wp-content\/uploads\/2007\/08\/photo-alger-Port-Ain-Taya_21.jpg\" alt=\"Photographie Alger, Port Ain Taya\" width=\"301\" height=\"400\" srcset=\"https:\/\/www.artsgraphiques.net\/wp-content\/uploads\/2007\/08\/photo-alger-Port-Ain-Taya_21.jpg 301w, https:\/\/www.artsgraphiques.net\/wp-content\/uploads\/2007\/08\/photo-alger-Port-Ain-Taya_21-225x300.jpg 225w\" sizes=\"(max-width: 301px) 100vw, 301px\" \/>Enfants au bord de l&rsquo;eau. <span style=\"font-style: italic;\">&lsquo;Ain Taya<\/span>.<br \/>\n<span style=\"color: #ff6600;\">Children at the edge of water. <span style=\"font-style: italic;\">&lsquo;Ain Taya<\/span>.<\/p>\n<p><\/span><\/div>\n<div style=\"text-align: center;\"><img decoding=\"async\" class=\"aligncenter size-full wp-image-523\" title=\"photo-alger-Rue-Didouche-Mourage-Alger\" src=\"http:\/\/www.artsgraphiques.net\/wp-content\/uploads\/2007\/08\/photo-alger-Rue-Didouche-Mourage-Alger1.jpg\" alt=\"Photo Alger, rue Didouche Mourad \" width=\"400\" height=\"301\" srcset=\"https:\/\/www.artsgraphiques.net\/wp-content\/uploads\/2007\/08\/photo-alger-Rue-Didouche-Mourage-Alger1.jpg 400w, https:\/\/www.artsgraphiques.net\/wp-content\/uploads\/2007\/08\/photo-alger-Rue-Didouche-Mourage-Alger1-300x225.jpg 300w\" sizes=\"(max-width: 400px) 100vw, 400px\" \/>Parc d&rsquo;Alger.<br \/>\n<span style=\"color: #ff6600;\">Algiers park.<\/span><\/div>\n<div style=\"text-align: center;\"><span style=\"color: #ff6600;\"><br \/>\n<\/span><\/div>\n<div style=\"text-align: center;\"><img loading=\"lazy\" decoding=\"async\" class=\"aligncenter size-full wp-image-524\" title=\"Rue d'Alger\" src=\"http:\/\/www.artsgraphiques.net\/wp-content\/uploads\/2007\/08\/photo-alger-Rue_Alger1.jpg\" alt=\"Photo de rue d'Alger\" width=\"400\" height=\"300\" srcset=\"https:\/\/www.artsgraphiques.net\/wp-content\/uploads\/2007\/08\/photo-alger-Rue_Alger1.jpg 400w, https:\/\/www.artsgraphiques.net\/wp-content\/uploads\/2007\/08\/photo-alger-Rue_Alger1-300x225.jpg 300w\" sizes=\"(max-width: 400px) 100vw, 400px\" \/>Rue d&rsquo;Alger.<br \/>\n<span style=\"color: #ff6600;\">One Algers street.<\/span><\/div>\n<div style=\"text-align: center;\"><img loading=\"lazy\" decoding=\"async\" class=\"aligncenter size-full wp-image-525\" title=\"Palma de Majorque\" src=\"http:\/\/www.artsgraphiques.net\/wp-content\/uploads\/2007\/08\/photo-alger-Palma_de_Majorque1.jpg\" alt=\"Photo prise en avion : Palma de Majorque, iles Bal\u00e9ares\" width=\"400\" height=\"301\" srcset=\"https:\/\/www.artsgraphiques.net\/wp-content\/uploads\/2007\/08\/photo-alger-Palma_de_Majorque1.jpg 400w, https:\/\/www.artsgraphiques.net\/wp-content\/uploads\/2007\/08\/photo-alger-Palma_de_Majorque1-300x225.jpg 300w\" sizes=\"(max-width: 400px) 100vw, 400px\" \/>Palma de Marjorque (\u00celes Bal\u00e9ares). Regardez ces belles vues a\u00e9riennes.<br \/>\n<span style=\"color: #ff6600;\">Palma de Marjorque (<\/span><span style=\"font-style: italic; color: #ff6600;\">Balearic Islands<\/span><span style=\"color: #ff6600;\">). I am fascinated by the beautiful air sights and the sky.<\/span><\/div>\n<div style=\"text-align: center;\"><img loading=\"lazy\" decoding=\"async\" class=\"aligncenter size-full wp-image-526\" title=\"Minorque\" src=\"http:\/\/www.artsgraphiques.net\/wp-content\/uploads\/2007\/08\/photo-alger-Minorque1.jpg\" alt=\"Photo d'avion : Minorque, iles baleares\" width=\"301\" height=\"400\" srcset=\"https:\/\/www.artsgraphiques.net\/wp-content\/uploads\/2007\/08\/photo-alger-Minorque1.jpg 301w, https:\/\/www.artsgraphiques.net\/wp-content\/uploads\/2007\/08\/photo-alger-Minorque1-225x300.jpg 225w\" sizes=\"(max-width: 301px) 100vw, 301px\" \/>Minorque (\u00celes Bal\u00e9ares).<br \/>\n<span style=\"color: #ff6600;\">Minorque (<\/span><span style=\"font-style: italic; color: #ff6600;\">Balearic Islands<\/span><span style=\"color: #ff6600;\">).<\/span><\/div>","protected":false},"excerpt":{"rendered":"<p>J&rsquo;aimerais vous montrer quelques photos de mon s\u00e9jour \u00e0 Alger&hellip;<\/p>\n<p> <a class=\"more-link\" href=\"https:\/\/www.artsgraphiques.net\/en\/mon-sejour-a-alger\/\">Read more<\/a><\/p>","protected":false},"author":1,"featured_media":0,"comment_status":"closed","ping_status":"open","sticky":false,"template":"","format":"standard","meta":{"footnotes":""},"categories":[1],"tags":[374,375,422],"class_list":{"0":"post-65","1":"post","2":"type-post","3":"status-publish","4":"format-standard","6":"category-non-classe","7":"tag-photos-alger","8":"tag-photos-algerie","9":"tag-sejour-alger"},"aioseo_notices":[],"_links":{"self":[{"href":"https:\/\/www.artsgraphiques.net\/en\/wp-json\/wp\/v2\/posts\/65","targetHints":{"allow":["GET"]}}],"collection":[{"href":"https:\/\/www.artsgraphiques.net\/en\/wp-json\/wp\/v2\/posts"}],"about":[{"href":"https:\/\/www.artsgraphiques.net\/en\/wp-json\/wp\/v2\/types\/post"}],"author":[{"embeddable":true,"href":"https:\/\/www.artsgraphiques.net\/en\/wp-json\/wp\/v2\/users\/1"}],"replies":[{"embeddable":true,"href":"https:\/\/www.artsgraphiques.net\/en\/wp-json\/wp\/v2\/comments?post=65"}],"version-history":[{"count":0,"href":"https:\/\/www.artsgraphiques.net\/en\/wp-json\/wp\/v2\/posts\/65\/revisions"}],"wp:attachment":[{"href":"https:\/\/www.artsgraphiques.net\/en\/wp-json\/wp\/v2\/media?parent=65"}],"wp:term":[{"taxonomy":"category","embeddable":true,"href":"https:\/\/www.artsgraphiques.net\/en\/wp-json\/wp\/v2\/categories?post=65"},{"taxonomy":"post_tag","embeddable":true,"href":"https:\/\/www.artsgraphiques.net\/en\/wp-json\/wp\/v2\/tags?post=65"}],"curies":[{"name":"wp","href":"https:\/\/api.w.org\/{rel}","templated":true}]}}