{"id":733,"date":"2010-07-29T21:20:25","date_gmt":"2010-07-29T19:20:25","guid":{"rendered":"http:\/\/illustration.ya-graphic.com\/?p=733"},"modified":"2010-07-29T21:20:25","modified_gmt":"2010-07-29T19:20:25","slug":"cinema-le-coluche-istres-inception","status":"publish","type":"post","link":"https:\/\/www.artsgraphiques.net\/en\/cinema-le-coluche-istres-inception\/","title":{"rendered":"20 minutes avant la projection d&rsquo;Inception"},"content":{"rendered":"<p style=\"text-align: justify;\"><img fetchpriority=\"high\" decoding=\"async\" class=\"aligncenter size-full wp-image-734\" title=\"Le Coluche \u00e0 Istres\" src=\"http:\/\/www.artsgraphiques.net\/wp-content\/uploads\/2010\/07\/inception-cinema1.jpg\" alt=\"Salle de cin\u00e9ma Le Coluche \u00e0 Istres\" width=\"661\" height=\"466\" srcset=\"https:\/\/www.artsgraphiques.net\/wp-content\/uploads\/2010\/07\/inception-cinema1.jpg 661w, https:\/\/www.artsgraphiques.net\/wp-content\/uploads\/2010\/07\/inception-cinema1-600x423.jpg 600w, https:\/\/www.artsgraphiques.net\/wp-content\/uploads\/2010\/07\/inception-cinema1-300x211.jpg 300w\" sizes=\"(max-width: 661px) 100vw, 661px\" \/>Est-ce que vous avez appr\u00e9ci\u00e9 le film <a href=\"http:\/\/www.artsgraphiques.net\/en\/2010\/07\/faut-il-aller-voir-inception\/\"><strong>Inception<\/strong><\/a> ? Non. Franchement. Entre nous. On peut se dire la v\u00e9rit\u00e9. L&rsquo;avez-vous vraiment appr\u00e9ci\u00e9 ? Mis \u00e0 part le r\u00f4le de <strong>Marion Cotillard<\/strong>, pas trop pr\u00e9sente dans le film, mais ce n&rsquo;est pas grave, le film de Christopher Nolan ne m&rsquo;a pas plu. Je le consid\u00e8re comme un bon petit film \u00e0 regarder chez soi, en DVD, un dimanche, quand on a rien \u00e0 faire.<\/p>\n<p style=\"text-align: justify;\">C&rsquo;est bien un dimanche que j&rsquo;ai vu le film, mais au <strong>cin\u00e9ma d&rsquo;Istres<\/strong>. J&rsquo;ai d\u00fb faire 15km pour aller le voir. La derni\u00e8re fois que j&rsquo;y suis all\u00e9 je crois bien que \u00e7a remonte \u00e0 10 ans, peut-\u00eatre un peu plus. Je ne suis pas d&rsquo;Istres, je suis de Miramas. Dans ma ville les films passent un mois, voire deux mois, apr\u00e8s leur sortie officielle dans les salles de France. Je suis donc all\u00e9 \u00e0 Istres.<\/p>\n<p style=\"text-align: justify;\"><strong>Le Coluche<\/strong> est un cin\u00e9ma pas comme les autres. Je ne vous raconte pas l&rsquo;odeur de la salle num\u00e9ro 2, au premier ou second \u00e9tage. Il y a comme une odeur de vieux si\u00e8ges salles et poussi\u00e9reux. Une odeur de moisissure qui vous colle au nez pendant plus de 2h00, le temps de la s\u00e9ance. Je suis arriv\u00e9 dans la salle <strong>20 minutes avant la projection du film<\/strong>. Il n&rsquo;y avait per-sonne ! Cette photographie, ci-dessus, que j&rsquo;ai prise avec mon iPhone montre la salle de cin\u00e9ma au moment m\u00eame o\u00f9 je suis arriv\u00e9. J&rsquo;ai envoy\u00e9 la photo sur Twitter. Dommage qu&rsquo;on ne puisse pas aussi tweeter des odeurs. Bref. Je n&rsquo;irai s\u00fbrement pas voir Inception une deuxi\u00e8me fois.<\/p>","protected":false},"excerpt":{"rendered":"<p>Est-ce que vous avez appr\u00e9ci\u00e9 le film Inception ? Non.&hellip;<\/p>\n<p> <a class=\"more-link\" href=\"https:\/\/www.artsgraphiques.net\/en\/cinema-le-coluche-istres-inception\/\">Read more<\/a><\/p>","protected":false},"author":1,"featured_media":0,"comment_status":"open","ping_status":"open","sticky":false,"template":"","format":"standard","meta":{"footnotes":""},"categories":[6],"tags":[269,280,295],"class_list":{"0":"post-733","1":"post","2":"type-post","3":"status-publish","4":"format-standard","6":"category-cinema","7":"tag-inception","8":"tag-istres","9":"tag-le-coluche"},"aioseo_notices":[],"_links":{"self":[{"href":"https:\/\/www.artsgraphiques.net\/en\/wp-json\/wp\/v2\/posts\/733","targetHints":{"allow":["GET"]}}],"collection":[{"href":"https:\/\/www.artsgraphiques.net\/en\/wp-json\/wp\/v2\/posts"}],"about":[{"href":"https:\/\/www.artsgraphiques.net\/en\/wp-json\/wp\/v2\/types\/post"}],"author":[{"embeddable":true,"href":"https:\/\/www.artsgraphiques.net\/en\/wp-json\/wp\/v2\/users\/1"}],"replies":[{"embeddable":true,"href":"https:\/\/www.artsgraphiques.net\/en\/wp-json\/wp\/v2\/comments?post=733"}],"version-history":[{"count":0,"href":"https:\/\/www.artsgraphiques.net\/en\/wp-json\/wp\/v2\/posts\/733\/revisions"}],"wp:attachment":[{"href":"https:\/\/www.artsgraphiques.net\/en\/wp-json\/wp\/v2\/media?parent=733"}],"wp:term":[{"taxonomy":"category","embeddable":true,"href":"https:\/\/www.artsgraphiques.net\/en\/wp-json\/wp\/v2\/categories?post=733"},{"taxonomy":"post_tag","embeddable":true,"href":"https:\/\/www.artsgraphiques.net\/en\/wp-json\/wp\/v2\/tags?post=733"}],"curies":[{"name":"wp","href":"https:\/\/api.w.org\/{rel}","templated":true}]}}