{"id":754,"date":"2010-08-07T22:10:23","date_gmt":"2010-08-07T20:10:23","guid":{"rendered":"http:\/\/illustration.ya-graphic.com\/?p=754"},"modified":"2010-08-07T22:10:23","modified_gmt":"2010-08-07T20:10:23","slug":"illustration-femme-voile","status":"publish","type":"post","link":"https:\/\/www.artsgraphiques.net\/en\/illustration-femme-voile\/","title":{"rendered":"Illustration d&rsquo;une femme voil\u00e9e"},"content":{"rendered":"<p style=\"text-align: justify;\"><img fetchpriority=\"high\" decoding=\"async\" class=\"aligncenter size-full wp-image-755\" title=\"Femme voil\u00e9e\" src=\"http:\/\/www.artsgraphiques.net\/wp-content\/uploads\/2010\/08\/femme-voilee1.jpg\" alt=\"illustration d'un femme qui porte le voile\" width=\"403\" height=\"580\" srcset=\"https:\/\/www.artsgraphiques.net\/wp-content\/uploads\/2010\/08\/femme-voilee1.jpg 403w, https:\/\/www.artsgraphiques.net\/wp-content\/uploads\/2010\/08\/femme-voilee1-208x300.jpg 208w\" sizes=\"(max-width: 403px) 100vw, 403px\" \/><\/p>\n<p style=\"text-align: justify;\">Une partie de la presse fait son march\u00e9 avec ses chroniques de <strong>voile<\/strong> int\u00e9gral, burqa, niqab et j\u2019en passe. \u00c7a gonfle pas mal de monde, \u00e7a me gonfle aussi. Toutes ces conneries de caricatures n&rsquo;ont d\u2019autres cons\u00e9quences que celles d&rsquo;affirmer les comportements x\u00e9nophobes, racistes et extr\u00e9mistes. Et si on oubliait tout \u00e7a ? Chiche !<\/p>","protected":false},"excerpt":{"rendered":"<p>Une partie de la presse fait son march\u00e9 avec ses&hellip;<\/p>\n<p> <a class=\"more-link\" href=\"https:\/\/www.artsgraphiques.net\/en\/illustration-femme-voile\/\">Read more<\/a><\/p>","protected":false},"author":1,"featured_media":0,"comment_status":"open","ping_status":"open","sticky":false,"template":"","format":"standard","meta":{"footnotes":""},"categories":[7],"tags":[401,461,468],"class_list":{"0":"post-754","1":"post","2":"type-post","3":"status-publish","4":"format-standard","6":"category-illustration","7":"tag-racisme","8":"tag-voile","9":"tag-xenophobie"},"aioseo_notices":[],"_links":{"self":[{"href":"https:\/\/www.artsgraphiques.net\/en\/wp-json\/wp\/v2\/posts\/754","targetHints":{"allow":["GET"]}}],"collection":[{"href":"https:\/\/www.artsgraphiques.net\/en\/wp-json\/wp\/v2\/posts"}],"about":[{"href":"https:\/\/www.artsgraphiques.net\/en\/wp-json\/wp\/v2\/types\/post"}],"author":[{"embeddable":true,"href":"https:\/\/www.artsgraphiques.net\/en\/wp-json\/wp\/v2\/users\/1"}],"replies":[{"embeddable":true,"href":"https:\/\/www.artsgraphiques.net\/en\/wp-json\/wp\/v2\/comments?post=754"}],"version-history":[{"count":0,"href":"https:\/\/www.artsgraphiques.net\/en\/wp-json\/wp\/v2\/posts\/754\/revisions"}],"wp:attachment":[{"href":"https:\/\/www.artsgraphiques.net\/en\/wp-json\/wp\/v2\/media?parent=754"}],"wp:term":[{"taxonomy":"category","embeddable":true,"href":"https:\/\/www.artsgraphiques.net\/en\/wp-json\/wp\/v2\/categories?post=754"},{"taxonomy":"post_tag","embeddable":true,"href":"https:\/\/www.artsgraphiques.net\/en\/wp-json\/wp\/v2\/tags?post=754"}],"curies":[{"name":"wp","href":"https:\/\/api.w.org\/{rel}","templated":true}]}}