{"id":247,"date":"2010-03-14T19:31:03","date_gmt":"2010-03-14T17:31:03","guid":{"rendered":"http:\/\/illustration.ya-graphic.com\/?p=247"},"modified":"2010-03-14T19:31:03","modified_gmt":"2010-03-14T17:31:03","slug":"illustration-dun-cavalier-arabe-sur-cheval-arabe","status":"publish","type":"post","link":"https:\/\/www.artsgraphiques.net\/fr_fr\/illustration-dun-cavalier-arabe-sur-cheval-arabe\/","title":{"rendered":"Illustration d&rsquo;un cavalier arabe sur cheval arabe"},"content":{"rendered":"<p style=\"text-align: justify;\"><img fetchpriority=\"high\" decoding=\"async\" class=\"aligncenter size-full wp-image-248\" title=\"Cavalier arabe \/\/ \u00a9ya-graphic.com\" src=\"http:\/\/www.artsgraphiques.net\/wp-content\/uploads\/2010\/03\/cavalier-arabe_yagraphic1.jpg\" alt=\"illustration cavalier arabe sur cheval arabe\" width=\"454\" height=\"454\" srcset=\"https:\/\/www.artsgraphiques.net\/wp-content\/uploads\/2010\/03\/cavalier-arabe_yagraphic1.jpg 454w, https:\/\/www.artsgraphiques.net\/wp-content\/uploads\/2010\/03\/cavalier-arabe_yagraphic1-100x100.jpg 100w, https:\/\/www.artsgraphiques.net\/wp-content\/uploads\/2010\/03\/cavalier-arabe_yagraphic1-324x324.jpg 324w, https:\/\/www.artsgraphiques.net\/wp-content\/uploads\/2010\/03\/cavalier-arabe_yagraphic1-416x416.jpg 416w, https:\/\/www.artsgraphiques.net\/wp-content\/uploads\/2010\/03\/cavalier-arabe_yagraphic1-150x150.jpg 150w, https:\/\/www.artsgraphiques.net\/wp-content\/uploads\/2010\/03\/cavalier-arabe_yagraphic1-300x300.jpg 300w\" sizes=\"(max-width: 454px) 100vw, 454px\" \/>Les anciennes <strong>illustrations perses et arabes<\/strong> me plaisent beaucoup. Les couleurs utilis\u00e9es, la perspective, la repr\u00e9sentation des personnages, tout est bien fait.<\/p>\n<p style=\"text-align: justify;\">Hier soir le reportage <em>Le Coran : aux origines du Livre<\/em>, a \u00e9t\u00e9 diffus\u00e9 sur Arte. J&rsquo;y ai vu quelques anciennes repr\u00e9sentations de l&rsquo;<strong>art islamique<\/strong>. Les dessins \u00e9taient retouch\u00e9s, des reliefs \u00e9taient ajout\u00e9s, c&rsquo;\u00e9tait assez bien r\u00e9ussi. En g\u00e9n\u00e9ral les prises de vues du reportage n&rsquo;\u00e9taient pas du tout d\u00e9cevantes. Globalement j&rsquo;ai appr\u00e9ci\u00e9 ce reportage.<\/p>\n<p style=\"text-align: justify;\">Je voulais dessiner un <strong>cavalier arabe<\/strong> depuis une semaine pour illustrer un article de Ya-graphic.com. Il fallait que je trouve le temps, mais aussi l&rsquo;<strong>illustration<\/strong> que j&rsquo;aurais pris pour mod\u00e8le. Il me faut un mod\u00e8le, j&rsquo;ai besoin de m&rsquo;impr\u00e9gner du style pour redessiner \u00e0 ma mani\u00e8re. Dans cette <strong>illustration<\/strong> j&rsquo;ai choisi les couleurs. J&rsquo;ai pos\u00e9 un arri\u00e8re-plan que je n&rsquo;ai trouv\u00e9 nulle part. J&rsquo;ai utilis\u00e9 une brosse de <strong>Photoshop<\/strong> pour le cr\u00e9er. Dans l&rsquo;ensemble les nuances de marrons me semblent assez int\u00e9ressantes.<\/p>\n<p style=\"text-align: justify;\">Concernant le dessin, \u00e7a m&rsquo;a prit 15 minutes. Apr\u00e8s avoir trouv\u00e9 le mod\u00e8le j&rsquo;ai r\u00e9alis\u00e9 un <strong>croquis<\/strong> surlign\u00e9 au stylo noir puis vectoris\u00e9 sous <strong>Illustrator<\/strong>.<\/p>\n<p style=\"text-align: justify;\">Ce serait tr\u00e8s pr\u00e9tentieux de ma part de vouloir \u00e9galer les anciennes <strong>illustrations<\/strong>. C&rsquo;est une petite <strong>illustration<\/strong>, rien de plus.<\/p>\n","protected":false},"excerpt":{"rendered":"<p>Les anciennes illustrations perses et arabes me plaisent beaucoup. Les&hellip;<\/p>\n<p> <a class=\"more-link\" href=\"https:\/\/www.artsgraphiques.net\/fr_fr\/illustration-dun-cavalier-arabe-sur-cheval-arabe\/\">Lire la suite<\/a><\/p>\n","protected":false},"author":1,"featured_media":0,"comment_status":"open","ping_status":"open","sticky":false,"template":"","format":"standard","meta":{"footnotes":""},"categories":[7],"tags":[36,37,263,264,265,380],"class_list":{"0":"post-247","1":"post","2":"type-post","3":"status-publish","4":"format-standard","6":"category-illustration","7":"tag-art-islamique","8":"tag-arte","9":"tag-illustrations-arabes","10":"tag-illustrations-perses","11":"tag-illustrator","12":"tag-photoshop"},"aioseo_notices":[],"_links":{"self":[{"href":"https:\/\/www.artsgraphiques.net\/fr_fr\/wp-json\/wp\/v2\/posts\/247","targetHints":{"allow":["GET"]}}],"collection":[{"href":"https:\/\/www.artsgraphiques.net\/fr_fr\/wp-json\/wp\/v2\/posts"}],"about":[{"href":"https:\/\/www.artsgraphiques.net\/fr_fr\/wp-json\/wp\/v2\/types\/post"}],"author":[{"embeddable":true,"href":"https:\/\/www.artsgraphiques.net\/fr_fr\/wp-json\/wp\/v2\/users\/1"}],"replies":[{"embeddable":true,"href":"https:\/\/www.artsgraphiques.net\/fr_fr\/wp-json\/wp\/v2\/comments?post=247"}],"version-history":[{"count":0,"href":"https:\/\/www.artsgraphiques.net\/fr_fr\/wp-json\/wp\/v2\/posts\/247\/revisions"}],"wp:attachment":[{"href":"https:\/\/www.artsgraphiques.net\/fr_fr\/wp-json\/wp\/v2\/media?parent=247"}],"wp:term":[{"taxonomy":"category","embeddable":true,"href":"https:\/\/www.artsgraphiques.net\/fr_fr\/wp-json\/wp\/v2\/categories?post=247"},{"taxonomy":"post_tag","embeddable":true,"href":"https:\/\/www.artsgraphiques.net\/fr_fr\/wp-json\/wp\/v2\/tags?post=247"}],"curies":[{"name":"wp","href":"https:\/\/api.w.org\/{rel}","templated":true}]}}