{"id":38,"date":"2007-06-12T18:55:00","date_gmt":"2007-06-12T17:55:00","guid":{"rendered":"http:\/\/illustration.ya-graphic.com\/2007\/06\/le-travail-de-miro-une-de-mes-references\/"},"modified":"2007-06-12T18:55:00","modified_gmt":"2007-06-12T17:55:00","slug":"le-travail-de-miro-une-de-mes-references","status":"publish","type":"post","link":"https:\/\/www.artsgraphiques.net\/fr_fr\/le-travail-de-miro-une-de-mes-references\/","title":{"rendered":"Le travail de M\u00ecro, une de mes r\u00e9f\u00e9rences"},"content":{"rendered":"<div style=\"text-align: center;\"><img fetchpriority=\"high\" decoding=\"async\" class=\"aligncenter size-full wp-image-472\" title=\"Miro, Bleu II\" src=\"http:\/\/www.artsgraphiques.net\/wp-content\/uploads\/2007\/06\/miro-bleu-21.jpg\" alt=\"peinture Miro, Bleu 2\" width=\"300\" height=\"210\" \/><span style=\"color: #cc0000; font-size: 85%;\">M\u00ecro, Bleu II.<\/span><br \/>\n<span style=\"color: #000000; font-family: Arial,Helvetica,sans-serif; font-size: 78%;\"><br \/>\n<\/span><\/div>\n<div style=\"text-align: justify;\">J&rsquo;\u00e9tais content d&rsquo;achever mon ann\u00e9e de <strong>ma\u00eetrise en Arts plastiques<\/strong>. C&rsquo;\u00e9tait la fin de mes \u00e9tudes. Du CP (\u00e9cole primaire) \u00e0 la facult\u00e9 de Lettres, j&rsquo;en ai fais du chemin&#8230; Les ann\u00e9es \u00e9taient belles et je ne regrette rien. J&rsquo;avais travaill\u00e9 sans rel\u00e2che pour r\u00e9ussir cette ma\u00eetrise. J&rsquo;avais \u00e9tudi\u00e9 beaucoup d&rsquo;\u0153uvres d&rsquo;art qui pouvaient se rapprocher de mon travail graphique. J&rsquo;ai \u00e9tudi\u00e9 l&rsquo;\u0153uvre de l&rsquo;artiste <strong>Andr\u00e9 Masson<\/strong> et celle de l&rsquo;artiste <strong>M\u00ecro<\/strong>. De grands artistes.<\/div>\n<div style=\"text-align: justify;\">\n<p>Mes travaux personnels d&rsquo;arts plastiques \u00e9taient orient\u00e9s vers le <strong>graphisme<\/strong> et la <strong>photographie<\/strong>. Je pratiquais une fusion originale entre les deux types de cr\u00e9ations. Le graphisme que je pratiquais \u00e9tait une <strong>\u00e9criture automatique<\/strong>. Ma main devait dessiner seule sans aucun contr\u00f4le de ma pens\u00e9e. La plume \u00e0 <strong>encre de Chine<\/strong> d\u00e9posait sur la feuille des formes bizarro\u00efdes, \u00e9tranges, nouvelles.<\/p>\n<div style=\"text-align: justify;\"><img decoding=\"async\" class=\"aligncenter size-full wp-image-474\" title=\"Oeuvre 1\" src=\"http:\/\/www.artsgraphiques.net\/wp-content\/uploads\/2007\/06\/travail-arts-plastiques_11.jpg\" alt=\"Travail arts plastiques - \u00e9criture automatique et photographie\" width=\"400\" height=\"315\" srcset=\"https:\/\/www.artsgraphiques.net\/wp-content\/uploads\/2007\/06\/travail-arts-plastiques_11.jpg 400w, https:\/\/www.artsgraphiques.net\/wp-content\/uploads\/2007\/06\/travail-arts-plastiques_11-300x236.jpg 300w\" sizes=\"(max-width: 400px) 100vw, 400px\" \/><\/div>\n<p>Image ci-dessus : une de mes r\u00e9alisations (ann\u00e9e 2005). Le graphisme automatique (r\u00e9alis\u00e9 avec de l&rsquo;encre de Chine et des crayons de couleurs) est incrust\u00e9 sur la fa\u00e7ade d&rsquo;un immeuble.<\/p>\n<div style=\"text-align: justify;\"><img decoding=\"async\" class=\"aligncenter size-full wp-image-475\" title=\"Oeuvre 2\" src=\"http:\/\/www.artsgraphiques.net\/wp-content\/uploads\/2007\/06\/travail-arts-plastiques_21.jpg\" alt=\"Travail arts plastiques : \u00e9criture automatique et photographie\" width=\"400\" height=\"277\" srcset=\"https:\/\/www.artsgraphiques.net\/wp-content\/uploads\/2007\/06\/travail-arts-plastiques_21.jpg 400w, https:\/\/www.artsgraphiques.net\/wp-content\/uploads\/2007\/06\/travail-arts-plastiques_21-300x207.jpg 300w\" sizes=\"(max-width: 400px) 100vw, 400px\" \/><\/div>\n<p>Image ci-dessus : une autre r\u00e9alisations (ann\u00e9e 2004). C&rsquo;est un <strong>graphisme automatique<\/strong> que j&rsquo;ai modifi\u00e9 sur <strong>Photoshop<\/strong>. L&rsquo;\u00e9criture n&rsquo;est donc pas purement automatique puisqu&rsquo;une attention est port\u00e9e sur la qualit\u00e9 de l&rsquo;\u00e9criture.<\/p>\n<\/div>\n<div style=\"text-align: justify;\">Les <strong>\u0153uvres de M\u00ecro<\/strong> m&rsquo;ont toujours int\u00e9ress\u00e9es. Elles me plaisent toujours. Il y a des formes simples, gracieuses, color\u00e9es, dr\u00f4les et vari\u00e9es. Je veux voir \u00e7a dans mes <strong>illustrations<\/strong>. Je pense que mon travail va s&rsquo;orienter vers un style graphique original, un style qui m&rsquo;est propre, un style moderne, mais toujours avec quelques bonnes influences. J&rsquo;aimerais aussi que mon travail ne reste pas enferm\u00e9 dans un style parce que j&rsquo;aime quand les choses sont nouvelles.<\/div>\n<div style=\"text-align: justify;\"><\/div>\n<div style=\"text-align: center;\"><img loading=\"lazy\" decoding=\"async\" class=\"aligncenter size-full wp-image-476\" title=\"Loro Dellazzurro\" src=\"http:\/\/www.artsgraphiques.net\/wp-content\/uploads\/2007\/06\/peinture-miro-Loro-Dellazzurro1.jpg\" alt=\"peinture de Miro - Loro Dellazzurro\" width=\"357\" height=\"425\" srcset=\"https:\/\/www.artsgraphiques.net\/wp-content\/uploads\/2007\/06\/peinture-miro-Loro-Dellazzurro1.jpg 357w, https:\/\/www.artsgraphiques.net\/wp-content\/uploads\/2007\/06\/peinture-miro-Loro-Dellazzurro1-252x300.jpg 252w\" sizes=\"(max-width: 357px) 100vw, 357px\" \/><span style=\"color: #990000; font-size: 85%;\">M\u00ecro, <\/span><span style=\"color: #000000; font-family: Arial,Helvetica,sans-serif; font-size: 85%;\"><strong>Loro Dellazzurro<\/strong><\/span><\/div>\n","protected":false},"excerpt":{"rendered":"<p>M\u00ecro, Bleu II. J&rsquo;\u00e9tais content d&rsquo;achever mon ann\u00e9e de ma\u00eetrise&hellip;<\/p>\n<p> <a class=\"more-link\" href=\"https:\/\/www.artsgraphiques.net\/fr_fr\/le-travail-de-miro-une-de-mes-references\/\">Lire la suite<\/a><\/p>\n","protected":false},"author":1,"featured_media":0,"comment_status":"closed","ping_status":"open","sticky":false,"template":"","format":"standard","meta":{"footnotes":""},"categories":[7],"tags":[25,169,174,210,309,324,373],"class_list":{"0":"post-38","1":"post","2":"type-post","3":"status-publish","4":"format-standard","6":"category-illustration","7":"tag-andre-masson","8":"tag-ecriture-automatique","9":"tag-encre-de-chine","10":"tag-graphisme","11":"tag-maitrise-arts-plastiques","12":"tag-miro","13":"tag-photographie"},"aioseo_notices":[],"_links":{"self":[{"href":"https:\/\/www.artsgraphiques.net\/fr_fr\/wp-json\/wp\/v2\/posts\/38","targetHints":{"allow":["GET"]}}],"collection":[{"href":"https:\/\/www.artsgraphiques.net\/fr_fr\/wp-json\/wp\/v2\/posts"}],"about":[{"href":"https:\/\/www.artsgraphiques.net\/fr_fr\/wp-json\/wp\/v2\/types\/post"}],"author":[{"embeddable":true,"href":"https:\/\/www.artsgraphiques.net\/fr_fr\/wp-json\/wp\/v2\/users\/1"}],"replies":[{"embeddable":true,"href":"https:\/\/www.artsgraphiques.net\/fr_fr\/wp-json\/wp\/v2\/comments?post=38"}],"version-history":[{"count":0,"href":"https:\/\/www.artsgraphiques.net\/fr_fr\/wp-json\/wp\/v2\/posts\/38\/revisions"}],"wp:attachment":[{"href":"https:\/\/www.artsgraphiques.net\/fr_fr\/wp-json\/wp\/v2\/media?parent=38"}],"wp:term":[{"taxonomy":"category","embeddable":true,"href":"https:\/\/www.artsgraphiques.net\/fr_fr\/wp-json\/wp\/v2\/categories?post=38"},{"taxonomy":"post_tag","embeddable":true,"href":"https:\/\/www.artsgraphiques.net\/fr_fr\/wp-json\/wp\/v2\/tags?post=38"}],"curies":[{"name":"wp","href":"https:\/\/api.w.org\/{rel}","templated":true}]}}