{"id":395,"date":"2010-04-17T00:29:15","date_gmt":"2010-04-16T22:29:15","guid":{"rendered":"http:\/\/illustration.ya-graphic.com\/?p=395"},"modified":"2010-04-17T00:29:15","modified_gmt":"2010-04-16T22:29:15","slug":"le-web-pour-les-personnes-agees","status":"publish","type":"post","link":"https:\/\/www.artsgraphiques.net\/fr_fr\/le-web-pour-les-personnes-agees\/","title":{"rendered":"Le Web pour les personnes \u00e2g\u00e9es"},"content":{"rendered":"<p style=\"text-align: justify;\"><img fetchpriority=\"high\" decoding=\"async\" class=\"aligncenter size-full wp-image-396\" title=\"C'est pas facile le Web !\" src=\"http:\/\/www.artsgraphiques.net\/wp-content\/uploads\/2010\/04\/vieil-homme-web1.jpg\" alt=\"dessin vieil homme sur internet\" width=\"567\" height=\"567\" srcset=\"https:\/\/www.artsgraphiques.net\/wp-content\/uploads\/2010\/04\/vieil-homme-web1.jpg 567w, https:\/\/www.artsgraphiques.net\/wp-content\/uploads\/2010\/04\/vieil-homme-web1-500x500.jpg 500w, https:\/\/www.artsgraphiques.net\/wp-content\/uploads\/2010\/04\/vieil-homme-web1-100x100.jpg 100w, https:\/\/www.artsgraphiques.net\/wp-content\/uploads\/2010\/04\/vieil-homme-web1-416x416.jpg 416w, https:\/\/www.artsgraphiques.net\/wp-content\/uploads\/2010\/04\/vieil-homme-web1-150x150.jpg 150w, https:\/\/www.artsgraphiques.net\/wp-content\/uploads\/2010\/04\/vieil-homme-web1-300x300.jpg 300w\" sizes=\"(max-width: 567px) 100vw, 567px\" \/>Selon Vicki Hanson, professeur \u00e0 l&rsquo;universit\u00e9 \u00e9cossaise de Dundee, les <strong>personnes \u00e2g\u00e9es<\/strong> repr\u00e9sentent la tranche d&rsquo;\u00e2ge qui a le taux de progression le plus important pour <strong>l&rsquo;utilisation du Web<\/strong>. Ce professeur s&rsquo;\u00e9tait bas\u00e9 sur l&rsquo;\u00e9tude am\u00e9ricaine <strong>Pew Internet American Life Project<\/strong>. Penser que le <strong>Web<\/strong> est un outil de jeunes est une id\u00e9e fausse. Peut-\u00eatre croiserez-vous <strong>papy<\/strong> et <strong>mamy<\/strong> sur <strong>Twitter<\/strong> et <strong>Facebook<\/strong>, qui sais ?<\/p>\n<p style=\"text-align: justify;\">J&rsquo;ai dessin\u00e9 un <strong>vieil homme<\/strong> devant son <strong>ordinateur portable<\/strong>. Apparemment il a un souci. C&rsquo;est vrai que le <strong>Web<\/strong> n&rsquo;est pas toujours facile. Il m&rsquo;arrive aussi de rencontrer quelques probl\u00e8mes techniques (avanc\u00e9s).<\/p>\n","protected":false},"excerpt":{"rendered":"<p>Selon Vicki Hanson, professeur \u00e0 l&rsquo;universit\u00e9 \u00e9cossaise de Dundee, les&hellip;<\/p>\n<p> <a class=\"more-link\" href=\"https:\/\/www.artsgraphiques.net\/fr_fr\/le-web-pour-les-personnes-agees\/\">Lire la suite<\/a><\/p>\n","protected":false},"author":1,"featured_media":0,"comment_status":"open","ping_status":"open","sticky":false,"template":"","format":"standard","meta":{"footnotes":""},"categories":[7,11],"tags":[275,312,346,352,362,456,554],"class_list":{"0":"post-395","1":"post","2":"type-post","3":"status-publish","4":"format-standard","6":"category-illustration","7":"category-web","8":"tag-internet","9":"tag-mamy","10":"tag-ordinateur-portable","11":"tag-papy","12":"tag-personnes-agees","13":"tag-vieil-homme","14":"tag-web"},"aioseo_notices":[],"_links":{"self":[{"href":"https:\/\/www.artsgraphiques.net\/fr_fr\/wp-json\/wp\/v2\/posts\/395","targetHints":{"allow":["GET"]}}],"collection":[{"href":"https:\/\/www.artsgraphiques.net\/fr_fr\/wp-json\/wp\/v2\/posts"}],"about":[{"href":"https:\/\/www.artsgraphiques.net\/fr_fr\/wp-json\/wp\/v2\/types\/post"}],"author":[{"embeddable":true,"href":"https:\/\/www.artsgraphiques.net\/fr_fr\/wp-json\/wp\/v2\/users\/1"}],"replies":[{"embeddable":true,"href":"https:\/\/www.artsgraphiques.net\/fr_fr\/wp-json\/wp\/v2\/comments?post=395"}],"version-history":[{"count":0,"href":"https:\/\/www.artsgraphiques.net\/fr_fr\/wp-json\/wp\/v2\/posts\/395\/revisions"}],"wp:attachment":[{"href":"https:\/\/www.artsgraphiques.net\/fr_fr\/wp-json\/wp\/v2\/media?parent=395"}],"wp:term":[{"taxonomy":"category","embeddable":true,"href":"https:\/\/www.artsgraphiques.net\/fr_fr\/wp-json\/wp\/v2\/categories?post=395"},{"taxonomy":"post_tag","embeddable":true,"href":"https:\/\/www.artsgraphiques.net\/fr_fr\/wp-json\/wp\/v2\/tags?post=395"}],"curies":[{"name":"wp","href":"https:\/\/api.w.org\/{rel}","templated":true}]}}