{"id":413,"date":"2010-05-13T22:20:12","date_gmt":"2010-05-13T20:20:12","guid":{"rendered":"http:\/\/illustration.ya-graphic.com\/?p=413"},"modified":"2010-05-13T22:20:12","modified_gmt":"2010-05-13T20:20:12","slug":"illustration-bebe-longs-bras","status":"publish","type":"post","link":"https:\/\/www.artsgraphiques.net\/fr_fr\/illustration-bebe-longs-bras\/","title":{"rendered":"Illustration : B\u00e9b\u00e9 aux longs bras !"},"content":{"rendered":"<p style=\"text-align: justify;\"><img fetchpriority=\"high\" decoding=\"async\" class=\"aligncenter size-full wp-image-636\" title=\"Baby Long Arms\" src=\"http:\/\/www.artsgraphiques.net\/wp-content\/uploads\/2010\/05\/baby-long-arms_sad1.jpg\" alt=\"Illustration b\u00e9b\u00e9 aux longs bras\" width=\"567\" height=\"567\" srcset=\"https:\/\/www.artsgraphiques.net\/wp-content\/uploads\/2010\/05\/baby-long-arms_sad1.jpg 567w, https:\/\/www.artsgraphiques.net\/wp-content\/uploads\/2010\/05\/baby-long-arms_sad1-500x500.jpg 500w, https:\/\/www.artsgraphiques.net\/wp-content\/uploads\/2010\/05\/baby-long-arms_sad1-100x100.jpg 100w, https:\/\/www.artsgraphiques.net\/wp-content\/uploads\/2010\/05\/baby-long-arms_sad1-416x416.jpg 416w, https:\/\/www.artsgraphiques.net\/wp-content\/uploads\/2010\/05\/baby-long-arms_sad1-150x150.jpg 150w, https:\/\/www.artsgraphiques.net\/wp-content\/uploads\/2010\/05\/baby-long-arms_sad1-300x300.jpg 300w\" sizes=\"(max-width: 567px) 100vw, 567px\" \/>Au d\u00e9but j&rsquo;\u00e9tais bien dans mon lit, tout seul et tout souriant. Un beau <strong>b\u00e9b\u00e9<\/strong> quoi ! Sauf que&#8230; j&rsquo;avais de tr\u00e8s <strong>longs bras<\/strong>. Personne ne m&#8217;emb\u00eatait, mais aujourd&rsquo;hui j&rsquo;ai un peu grandi et tout le monde se moque de moi.<\/p>\n<p style=\"text-align: justify;\">Histoire \u00e0 suivre&#8230;<\/p>\n<p style=\"text-align: justify;\"><a href=\"http:\/\/www.artsgraphiques.net\/2010\/05\/illustration-maman-enfant-longs-bras\/\" target=\"_blank\">La maman de l&rsquo;enfant aux longs bras<\/a> (2).<br \/>\n<a href=\"http:\/\/www.artsgraphiques.net\/2010\/05\/cet-arbre-mort-est-mon-meilleur-ami\/\" target=\"_blank\">Cet arbre mort est mon meilleur ami<\/a> (3).<br \/>\n<a href=\"http:\/\/www.artsgraphiques.net\/2010\/05\/illustration-amour-romantique\/\" target=\"_blank\">Il y avait Lila<\/a> (4).<br \/>\n<a href=\"http:\/\/www.artsgraphiques.net\/2010\/06\/chaque-jour-chaque-jour-chaque-jour\/\" target=\"_blank\">Chaque jour&#8230; chaque jour&#8230; chaque jour&#8230;<\/a> (5).<\/p>\n","protected":false},"excerpt":{"rendered":"<p>Au d\u00e9but j&rsquo;\u00e9tais bien dans mon lit, tout seul et&hellip;<\/p>\n<p> <a class=\"more-link\" href=\"https:\/\/www.artsgraphiques.net\/fr_fr\/illustration-bebe-longs-bras\/\">Lire la suite<\/a><\/p>\n","protected":false},"author":1,"featured_media":0,"comment_status":"open","ping_status":"open","sticky":false,"template":"","format":"standard","meta":{"footnotes":""},"categories":[7],"tags":[16,126,226],"class_list":{"0":"post-413","1":"post","2":"type-post","3":"status-publish","4":"format-standard","6":"category-illustration","7":"tag-album-jeunesse","8":"tag-dessin-bebe","9":"tag-illustration-bebe"},"aioseo_notices":[],"_links":{"self":[{"href":"https:\/\/www.artsgraphiques.net\/fr_fr\/wp-json\/wp\/v2\/posts\/413","targetHints":{"allow":["GET"]}}],"collection":[{"href":"https:\/\/www.artsgraphiques.net\/fr_fr\/wp-json\/wp\/v2\/posts"}],"about":[{"href":"https:\/\/www.artsgraphiques.net\/fr_fr\/wp-json\/wp\/v2\/types\/post"}],"author":[{"embeddable":true,"href":"https:\/\/www.artsgraphiques.net\/fr_fr\/wp-json\/wp\/v2\/users\/1"}],"replies":[{"embeddable":true,"href":"https:\/\/www.artsgraphiques.net\/fr_fr\/wp-json\/wp\/v2\/comments?post=413"}],"version-history":[{"count":0,"href":"https:\/\/www.artsgraphiques.net\/fr_fr\/wp-json\/wp\/v2\/posts\/413\/revisions"}],"wp:attachment":[{"href":"https:\/\/www.artsgraphiques.net\/fr_fr\/wp-json\/wp\/v2\/media?parent=413"}],"wp:term":[{"taxonomy":"category","embeddable":true,"href":"https:\/\/www.artsgraphiques.net\/fr_fr\/wp-json\/wp\/v2\/categories?post=413"},{"taxonomy":"post_tag","embeddable":true,"href":"https:\/\/www.artsgraphiques.net\/fr_fr\/wp-json\/wp\/v2\/tags?post=413"}],"curies":[{"name":"wp","href":"https:\/\/api.w.org\/{rel}","templated":true}]}}