{"id":4607,"date":"2009-01-17T20:52:05","date_gmt":"2009-01-17T19:52:05","guid":{"rendered":"http:\/\/illustration.ya-graphic.com\/?p=4607"},"modified":"2012-05-13T16:17:04","modified_gmt":"2012-05-13T14:17:04","slug":"photos-de-miramas-sous-la-neige","status":"publish","type":"post","link":"https:\/\/www.artsgraphiques.net\/fr_fr\/photos-de-miramas-sous-la-neige\/","title":{"rendered":"Photos de Miramas sous la neige, il y a 10 jours\u2026"},"content":{"rendered":"<p>Dix jours plus t\u00f4t &#8211; si mes calculs sont bons &#8211; c\u2019\u00e9tait un 7 Janvier 2009. Il a\u00a0<strong>neig\u00e9 \u00e0 Miramas, <\/strong>dans les<strong>Bouches du Rh\u00f4ne<\/strong>. Les\u00a0photos ci-dessous sont une autre partie des\u00a0<strong>photos de neige <\/strong>que j\u2019ai prises cette journ\u00e9e, merveilleuse pour certains et cauchemardesque pour d\u2019autres, car priv\u00e9s du grand soleil m\u00e9diterran\u00e9en.<\/p>\n<p>En ce matin du mercredi 7 Janvier 2009, mon smartphone sonne, je me l\u00e8ve lentement de mon lit, non, je d\u00e9cide de rester encore quelques minutes parce que je suis bien dans mon lit, chaud, je pr\u00e9cise. Hier, le 6 Janvier 2008, la m\u00e9t\u00e9o avait annonc\u00e9 la\u00a0neige pour cette matin\u00e9e. D\u2019habitude quand il pleut on entend la pluie tomber, quand il y a du vent, on entend les arbres et les volets claquer, et quand il\u00a0neige, c\u2019est le silence. Je me l\u00e8ve de mon lit, tout est silencieux, une lumi\u00e8re orange\u00e2tre traverse le volet de ma fen\u00eatre, maintenant je sais\u2026<\/p>\n<p>Inutile d\u2019aller vers la fen\u00eatre parce que je sais que la\u00a0neige a commenc\u00e9 \u00e0 tomber pendant la nuit.\u00a0\u00c7a\u00a0se passe toujours comme \u00e7a ici. Mais je vais quand m\u00eame v\u00e9rifier. Tout blanc. Il\u00a0neige \u00e0 gros\u00a0flocons. Je me pr\u00e9pare pour partir, le travail m&rsquo;attend. Je v\u00e9rifie que mon appareil\u00a0photo est bien dans la poche de mon manteau, il est toujours dans ma poche ou dans ma sacoche.<\/p>\n<p>Voici les\u00a0photos de la neige, \u00e0\u00a0Miramas, en allant au travail. C\u2019\u00e9tait un mercredi matin, le 7 Janvier 2009. Les\u00a0photos sont cens\u00e9es \u00eatre class\u00e9es selon l\u2019ordre chronologique de 7h32 \u00e0 7h58.<\/p>\n<p>[nggallery id=28]<\/p>\n","protected":false},"excerpt":{"rendered":"<p>Dix jours plus t\u00f4t &#8211; si mes calculs sont bons&hellip;<\/p>\n<p> <a class=\"more-link\" href=\"https:\/\/www.artsgraphiques.net\/fr_fr\/photos-de-miramas-sous-la-neige\/\">Lire la suite<\/a><\/p>\n","protected":false},"author":1,"featured_media":0,"comment_status":"open","ping_status":"open","sticky":false,"template":"","format":"standard","meta":{"footnotes":""},"categories":[9],"tags":[322,332,376],"class_list":{"0":"post-4607","1":"post","2":"type-post","3":"status-publish","4":"format-standard","6":"category-photo","7":"tag-miramas","8":"tag-neige","9":"tag-photos-neige"},"aioseo_notices":[],"_links":{"self":[{"href":"https:\/\/www.artsgraphiques.net\/fr_fr\/wp-json\/wp\/v2\/posts\/4607","targetHints":{"allow":["GET"]}}],"collection":[{"href":"https:\/\/www.artsgraphiques.net\/fr_fr\/wp-json\/wp\/v2\/posts"}],"about":[{"href":"https:\/\/www.artsgraphiques.net\/fr_fr\/wp-json\/wp\/v2\/types\/post"}],"author":[{"embeddable":true,"href":"https:\/\/www.artsgraphiques.net\/fr_fr\/wp-json\/wp\/v2\/users\/1"}],"replies":[{"embeddable":true,"href":"https:\/\/www.artsgraphiques.net\/fr_fr\/wp-json\/wp\/v2\/comments?post=4607"}],"version-history":[{"count":3,"href":"https:\/\/www.artsgraphiques.net\/fr_fr\/wp-json\/wp\/v2\/posts\/4607\/revisions"}],"predecessor-version":[{"id":5071,"href":"https:\/\/www.artsgraphiques.net\/fr_fr\/wp-json\/wp\/v2\/posts\/4607\/revisions\/5071"}],"wp:attachment":[{"href":"https:\/\/www.artsgraphiques.net\/fr_fr\/wp-json\/wp\/v2\/media?parent=4607"}],"wp:term":[{"taxonomy":"category","embeddable":true,"href":"https:\/\/www.artsgraphiques.net\/fr_fr\/wp-json\/wp\/v2\/categories?post=4607"},{"taxonomy":"post_tag","embeddable":true,"href":"https:\/\/www.artsgraphiques.net\/fr_fr\/wp-json\/wp\/v2\/tags?post=4607"}],"curies":[{"name":"wp","href":"https:\/\/api.w.org\/{rel}","templated":true}]}}