{"id":4613,"date":"2010-12-25T14:08:03","date_gmt":"2010-12-25T13:08:03","guid":{"rendered":"http:\/\/illustration.ya-graphic.com\/?p=4613"},"modified":"2010-12-25T14:08:03","modified_gmt":"2010-12-25T13:08:03","slug":"illustrer-evolution-site-communique-de-presse-info","status":"publish","type":"post","link":"https:\/\/www.artsgraphiques.net\/fr_fr\/illustrer-evolution-site-communique-de-presse-info\/","title":{"rendered":"Pour illustrer l&rsquo;\u00e9volution de mon site Communique-de-presse.info"},"content":{"rendered":"<p style=\"text-align: justify;\"><img fetchpriority=\"high\" decoding=\"async\" class=\"aligncenter size-full wp-image-4614\" title=\"Communique-de-presse.info\" src=\"http:\/\/www.artsgraphiques.net\/wp-content\/uploads\/2010\/12\/face-communique-de-presse-info1.jpg\" alt=\"publier un communiqu\u00e9 sur Communique-de-presse.info\" width=\"567\" height=\"567\" srcset=\"https:\/\/www.artsgraphiques.net\/wp-content\/uploads\/2010\/12\/face-communique-de-presse-info1.jpg 567w, https:\/\/www.artsgraphiques.net\/wp-content\/uploads\/2010\/12\/face-communique-de-presse-info1-500x500.jpg 500w, https:\/\/www.artsgraphiques.net\/wp-content\/uploads\/2010\/12\/face-communique-de-presse-info1-100x100.jpg 100w, https:\/\/www.artsgraphiques.net\/wp-content\/uploads\/2010\/12\/face-communique-de-presse-info1-416x416.jpg 416w, https:\/\/www.artsgraphiques.net\/wp-content\/uploads\/2010\/12\/face-communique-de-presse-info1-150x150.jpg 150w, https:\/\/www.artsgraphiques.net\/wp-content\/uploads\/2010\/12\/face-communique-de-presse-info1-300x300.jpg 300w\" sizes=\"(max-width: 567px) 100vw, 567px\" \/>Au d\u00e9but je voulais dessiner le corps d&rsquo;un personnage avec une bo\u00eete pos\u00e9e sur sa main pour signifier le site. Sur la bo\u00eete le logo du site devait \u00eatre affich\u00e9 en tant que texture. Mais je n&rsquo;\u00e9tais pas vraiment satisfait de ce dessin. On \u00e9tait dans le figuratif, mais je voulais m&rsquo;en \u00e9loigner. J&rsquo;ai donc eu l&rsquo;id\u00e9e de cr\u00e9er une bo\u00eete en perspective sous laquelle se tenait un visage en r\u00e9flexion &#8211; peut-\u00eatre ma caricature &#8211; et une main en direction des deux logos. Je n&rsquo;avais pas r\u00e9ussi \u00e0 construire un cube avec six faces flanqu\u00e9es du logo de <a href=\"http:\/\/www.communique-de-presse.info\/\">Communique-de-presse.info<\/a>. Seulement deux faces affichent le logo. Le r\u00e9sultat que vous voyez ci-dessus me convenait amplement. La transparence m&rsquo;attire, c&rsquo;est beaucoup plus conceptuel, \u00e9nigmatique.<\/p>\n","protected":false},"excerpt":{"rendered":"<p>Au d\u00e9but je voulais dessiner le corps d&rsquo;un personnage avec&hellip;<\/p>\n<p> <a class=\"more-link\" href=\"https:\/\/www.artsgraphiques.net\/fr_fr\/illustrer-evolution-site-communique-de-presse-info\/\">Lire la suite<\/a><\/p>\n","protected":false},"author":1,"featured_media":0,"comment_status":"open","ping_status":"open","sticky":false,"template":"","format":"standard","meta":{"footnotes":""},"categories":[7],"tags":[91,186,303],"class_list":{"0":"post-4613","1":"post","2":"type-post","3":"status-publish","4":"format-standard","6":"category-illustration","7":"tag-conceptuel","8":"tag-figuratif","9":"tag-logo"},"aioseo_notices":[],"_links":{"self":[{"href":"https:\/\/www.artsgraphiques.net\/fr_fr\/wp-json\/wp\/v2\/posts\/4613","targetHints":{"allow":["GET"]}}],"collection":[{"href":"https:\/\/www.artsgraphiques.net\/fr_fr\/wp-json\/wp\/v2\/posts"}],"about":[{"href":"https:\/\/www.artsgraphiques.net\/fr_fr\/wp-json\/wp\/v2\/types\/post"}],"author":[{"embeddable":true,"href":"https:\/\/www.artsgraphiques.net\/fr_fr\/wp-json\/wp\/v2\/users\/1"}],"replies":[{"embeddable":true,"href":"https:\/\/www.artsgraphiques.net\/fr_fr\/wp-json\/wp\/v2\/comments?post=4613"}],"version-history":[{"count":0,"href":"https:\/\/www.artsgraphiques.net\/fr_fr\/wp-json\/wp\/v2\/posts\/4613\/revisions"}],"wp:attachment":[{"href":"https:\/\/www.artsgraphiques.net\/fr_fr\/wp-json\/wp\/v2\/media?parent=4613"}],"wp:term":[{"taxonomy":"category","embeddable":true,"href":"https:\/\/www.artsgraphiques.net\/fr_fr\/wp-json\/wp\/v2\/categories?post=4613"},{"taxonomy":"post_tag","embeddable":true,"href":"https:\/\/www.artsgraphiques.net\/fr_fr\/wp-json\/wp\/v2\/tags?post=4613"}],"curies":[{"name":"wp","href":"https:\/\/api.w.org\/{rel}","templated":true}]}}