{"id":4631,"date":"2009-04-03T22:46:09","date_gmt":"2009-04-03T20:46:09","guid":{"rendered":"http:\/\/illustration.ya-graphic.com\/?p=4631"},"modified":"2012-05-13T14:58:05","modified_gmt":"2012-05-13T12:58:05","slug":"photos-hotel-ibis-bab-ezzouar-alger","status":"publish","type":"post","link":"https:\/\/www.artsgraphiques.net\/fr_fr\/photos-hotel-ibis-bab-ezzouar-alger\/","title":{"rendered":"Photos de l\u2019h\u00f4tel Ibis de Bab Ezzouar (Alger, 16000)"},"content":{"rendered":"<p style=\"text-align: justify;\">Suite \u00e0 mon pr\u00e9c\u00e9dent billet au sujet de <a href=\"http:\/\/www.artsgraphiques.net\/2009\/03\/sejour-bab-ezzouar-alger\/\">mon\u00a0s\u00e9jour \u00e0 Bab Ezzouar<\/a> (commune d\u2019<strong>Alger<\/strong>), voici encore d\u2019autres\u00a0<strong>photos <\/strong>de mon\u00a0<strong>week-end \u00e0 Bab Ezzouar<\/strong>. Cette fois j&rsquo;expose des\u00a0<strong>photos<\/strong> de l\u2019<strong>h\u00f4tel Ibis<\/strong>. Il y a des\u00a0<strong>photos <\/strong>de la r\u00e9ception &#8211; un personnel accueillant et courtois -, des\u00a0photos de couloirs et ascenseurs, des\u00a0photos de la fa\u00e7ade avec ses vitres miroir et des\u00a0photos de palmiers qui bordent la\u00a0<strong>route de l\u2019Universit\u00e9<\/strong>.<\/p>\n<p>[nggallery id=18]<\/p>\n<p>&nbsp;<\/p>\n<p>&nbsp;<\/p>\n","protected":false},"excerpt":{"rendered":"<p>Suite \u00e0 mon pr\u00e9c\u00e9dent billet au sujet de mon\u00a0s\u00e9jour \u00e0&hellip;<\/p>\n<p> <a class=\"more-link\" href=\"https:\/\/www.artsgraphiques.net\/fr_fr\/photos-hotel-ibis-bab-ezzouar-alger\/\">Lire la suite<\/a><\/p>\n","protected":false},"author":1,"featured_media":0,"comment_status":"open","ping_status":"open","sticky":false,"template":"","format":"standard","meta":{"footnotes":""},"categories":[3],"tags":[17,44,375],"class_list":{"0":"post-4631","1":"post","2":"type-post","3":"status-publish","4":"format-standard","6":"category-carnet-de-voyage","7":"tag-alger","8":"tag-bab-ezzouar","9":"tag-photos-algerie"},"aioseo_notices":[],"_links":{"self":[{"href":"https:\/\/www.artsgraphiques.net\/fr_fr\/wp-json\/wp\/v2\/posts\/4631","targetHints":{"allow":["GET"]}}],"collection":[{"href":"https:\/\/www.artsgraphiques.net\/fr_fr\/wp-json\/wp\/v2\/posts"}],"about":[{"href":"https:\/\/www.artsgraphiques.net\/fr_fr\/wp-json\/wp\/v2\/types\/post"}],"author":[{"embeddable":true,"href":"https:\/\/www.artsgraphiques.net\/fr_fr\/wp-json\/wp\/v2\/users\/1"}],"replies":[{"embeddable":true,"href":"https:\/\/www.artsgraphiques.net\/fr_fr\/wp-json\/wp\/v2\/comments?post=4631"}],"version-history":[{"count":2,"href":"https:\/\/www.artsgraphiques.net\/fr_fr\/wp-json\/wp\/v2\/posts\/4631\/revisions"}],"predecessor-version":[{"id":5051,"href":"https:\/\/www.artsgraphiques.net\/fr_fr\/wp-json\/wp\/v2\/posts\/4631\/revisions\/5051"}],"wp:attachment":[{"href":"https:\/\/www.artsgraphiques.net\/fr_fr\/wp-json\/wp\/v2\/media?parent=4631"}],"wp:term":[{"taxonomy":"category","embeddable":true,"href":"https:\/\/www.artsgraphiques.net\/fr_fr\/wp-json\/wp\/v2\/categories?post=4631"},{"taxonomy":"post_tag","embeddable":true,"href":"https:\/\/www.artsgraphiques.net\/fr_fr\/wp-json\/wp\/v2\/tags?post=4631"}],"curies":[{"name":"wp","href":"https:\/\/api.w.org\/{rel}","templated":true}]}}