{"id":4648,"date":"2009-10-21T23:18:36","date_gmt":"2009-10-21T21:18:36","guid":{"rendered":"http:\/\/illustration.ya-graphic.com\/?p=4648"},"modified":"2012-05-13T16:18:27","modified_gmt":"2012-05-13T14:18:27","slug":"photos-paris","status":"publish","type":"post","link":"https:\/\/www.artsgraphiques.net\/fr_fr\/photos-paris\/","title":{"rendered":"A Paris le ciel est toujours gris et les parisiens sont froids !"},"content":{"rendered":"<p style=\"text-align: justify;\">Ce dimanche dernier j\u2019\u00e9tais au\u00a0<strong>c\u0153ur de Paris<\/strong> et un peu dans le Val-de-Marne (94), je suis revenu \u00e0 Marseille le lendemain. M\u00eame si ma pr\u00e9sence avait des allures de touriste nippon mon passage n\u2019avait rien de touristique\u2026 Mon Canon en poche (simple habitude), Cr\u00eape Nutella en main (simple habitude aussi), je scrutais le paysage urbain de Paris, observateur que je suis ! J\u2019ai publi\u00e9 les\u00a0<a href=\"http:\/\/www.flickr.com\/photos\/ya-graphic-design\/sets\/72157622502815223\/\" rel=\"nofollow\" target=\"_blank\">photos<\/a> sur Flickr.<\/p>\n<p>[nggallery id=29]<\/p>\n<p style=\"text-align: justify;\"><em>\u00ab A Paris le ciel est toujours gris et les parisiens sont froids ! \u00bb<\/em>, quelle malheureuse phrase, assassine, injuste dirais-je. Comme le refrain d\u2019une chanson, elle revient souvent dans mes oreilles et se dissimule sans cesse au son des cigales.\u00a0<strong>Paris<\/strong>, je la trouve vivante, rayonnante et color\u00e9e,\u00a0 pleine d\u2019entrain, charmante, quelque fois excentrique, quelque fois m\u00eame extravertie ;\u00a0<strong>Paris<\/strong> est aussi m\u00e9lancolique, tourn\u00e9e vers le pass\u00e9, monumentale !\u00a0<strong>Paris<\/strong> est aussi introvertie, sans maquillage mais d\u2019une cruelle beaut\u00e9, le regard fixe plong\u00e9 vers le sol en proie \u00e0 la solitude avec pour seule amie une bouteille, un chien ou un instrument de musique.<\/p>\n","protected":false},"excerpt":{"rendered":"<p>Ce dimanche dernier j\u2019\u00e9tais au\u00a0c\u0153ur de Paris et un peu&hellip;<\/p>\n<p> <a class=\"more-link\" href=\"https:\/\/www.artsgraphiques.net\/fr_fr\/photos-paris\/\">Lire la suite<\/a><\/p>\n","protected":false},"author":1,"featured_media":0,"comment_status":"open","ping_status":"open","sticky":false,"template":"","format":"standard","meta":{"footnotes":""},"categories":[3],"tags":[353,377],"class_list":{"0":"post-4648","1":"post","2":"type-post","3":"status-publish","4":"format-standard","6":"category-carnet-de-voyage","7":"tag-paris","8":"tag-photos-paris"},"aioseo_notices":[],"_links":{"self":[{"href":"https:\/\/www.artsgraphiques.net\/fr_fr\/wp-json\/wp\/v2\/posts\/4648","targetHints":{"allow":["GET"]}}],"collection":[{"href":"https:\/\/www.artsgraphiques.net\/fr_fr\/wp-json\/wp\/v2\/posts"}],"about":[{"href":"https:\/\/www.artsgraphiques.net\/fr_fr\/wp-json\/wp\/v2\/types\/post"}],"author":[{"embeddable":true,"href":"https:\/\/www.artsgraphiques.net\/fr_fr\/wp-json\/wp\/v2\/users\/1"}],"replies":[{"embeddable":true,"href":"https:\/\/www.artsgraphiques.net\/fr_fr\/wp-json\/wp\/v2\/comments?post=4648"}],"version-history":[{"count":2,"href":"https:\/\/www.artsgraphiques.net\/fr_fr\/wp-json\/wp\/v2\/posts\/4648\/revisions"}],"predecessor-version":[{"id":5073,"href":"https:\/\/www.artsgraphiques.net\/fr_fr\/wp-json\/wp\/v2\/posts\/4648\/revisions\/5073"}],"wp:attachment":[{"href":"https:\/\/www.artsgraphiques.net\/fr_fr\/wp-json\/wp\/v2\/media?parent=4648"}],"wp:term":[{"taxonomy":"category","embeddable":true,"href":"https:\/\/www.artsgraphiques.net\/fr_fr\/wp-json\/wp\/v2\/categories?post=4648"},{"taxonomy":"post_tag","embeddable":true,"href":"https:\/\/www.artsgraphiques.net\/fr_fr\/wp-json\/wp\/v2\/tags?post=4648"}],"curies":[{"name":"wp","href":"https:\/\/api.w.org\/{rel}","templated":true}]}}