{"id":48,"date":"2007-06-29T21:26:00","date_gmt":"2007-06-29T20:26:00","guid":{"rendered":"http:\/\/illustration.ya-graphic.com\/2007\/06\/ma-participation-au-concours-illustrarte-2007-propose-par-la-biennale-internationale-dillustration-pour-enfant\/"},"modified":"2007-06-29T21:26:00","modified_gmt":"2007-06-29T20:26:00","slug":"concours-ilustrarte-2007","status":"publish","type":"post","link":"https:\/\/www.artsgraphiques.net\/fr_fr\/concours-ilustrarte-2007\/","title":{"rendered":"Ma participation au concours Ilustrarte 2007"},"content":{"rendered":"<div style=\"text-align: center;\"><img fetchpriority=\"high\" decoding=\"async\" class=\"aligncenter size-full wp-image-503\" title=\"Gros gros nuages\" src=\"http:\/\/www.artsgraphiques.net\/wp-content\/uploads\/2007\/06\/gros-gros-nuages_ya-graphic1.jpg\" alt=\"Illustration de dr\u00f4les de nuages\" width=\"400\" height=\"400\" srcset=\"https:\/\/www.artsgraphiques.net\/wp-content\/uploads\/2007\/06\/gros-gros-nuages_ya-graphic1.jpg 400w, https:\/\/www.artsgraphiques.net\/wp-content\/uploads\/2007\/06\/gros-gros-nuages_ya-graphic1-100x100.jpg 100w, https:\/\/www.artsgraphiques.net\/wp-content\/uploads\/2007\/06\/gros-gros-nuages_ya-graphic1-324x324.jpg 324w, https:\/\/www.artsgraphiques.net\/wp-content\/uploads\/2007\/06\/gros-gros-nuages_ya-graphic1-150x150.jpg 150w, https:\/\/www.artsgraphiques.net\/wp-content\/uploads\/2007\/06\/gros-gros-nuages_ya-graphic1-300x300.jpg 300w\" sizes=\"(max-width: 400px) 100vw, 400px\" \/>\u00ab Gros gros Nuages \u00bb<br \/>\n<span style=\"font-size: 78%;\">Ya-graphic<\/span><\/p>\n<\/div>\n<div style=\"text-align: center;\"><img decoding=\"async\" class=\"aligncenter size-full wp-image-505\" title=\"Je suis ton ami\" src=\"http:\/\/www.artsgraphiques.net\/wp-content\/uploads\/2007\/06\/je-suis-ton-ami1.jpg\" alt=\"Dessiner l'amiti\u00e9\" width=\"400\" height=\"278\" srcset=\"https:\/\/www.artsgraphiques.net\/wp-content\/uploads\/2007\/06\/je-suis-ton-ami1.jpg 400w, https:\/\/www.artsgraphiques.net\/wp-content\/uploads\/2007\/06\/je-suis-ton-ami1-300x208.jpg 300w\" sizes=\"(max-width: 400px) 100vw, 400px\" \/>\u00ab Je suis ton ami. \u00bb<br \/>\n<span style=\"font-size: 78%;\">Ya-graphic<\/span><\/div>\n<div style=\"text-align: center;\"><img decoding=\"async\" class=\"aligncenter size-full wp-image-506\" title=\"La nuit\" src=\"http:\/\/www.artsgraphiques.net\/wp-content\/uploads\/2007\/06\/petit-nuage-la-nuit1.jpg\" alt=\"Illustration lune avec nuages qui dorment\" width=\"400\" height=\"283\" srcset=\"https:\/\/www.artsgraphiques.net\/wp-content\/uploads\/2007\/06\/petit-nuage-la-nuit1.jpg 400w, https:\/\/www.artsgraphiques.net\/wp-content\/uploads\/2007\/06\/petit-nuage-la-nuit1-300x212.jpg 300w\" sizes=\"(max-width: 400px) 100vw, 400px\" \/>\u00ab Petit Nuage ne trouvait pas le sommeil \u00bb<br \/>\n<span style=\"font-size: 78%;\">Ya-graphic<\/span><\/div>\n<div style=\"text-align: justify;\">J&rsquo;ai envoy\u00e9 ces 3 illustrations \u00e0 l&rsquo;adresse suivante \u00e0 la Biennale internationnale d&rsquo;illustration enfants, voici l&rsquo;adresse : Ilustrarte, Apartado 63, 2830-148 Barreiro, Portugal. Le dernier d\u00e9lai est le 30 Juin (le 31 Juillet 2007 pour les retardataires).<\/div>\n<div style=\"text-align: justify;\">\n<p>Pour en savoir plus allez sur le site officiel : www.ilustrarte.net<\/p>\n<\/div>\n","protected":false},"excerpt":{"rendered":"<p>\u00ab Gros gros Nuages \u00bb Ya-graphic \u00ab Je suis ton&hellip;<\/p>\n<p> <a class=\"more-link\" href=\"https:\/\/www.artsgraphiques.net\/fr_fr\/concours-ilustrarte-2007\/\">Lire la suite<\/a><\/p>\n","protected":false},"author":1,"featured_media":0,"comment_status":"closed","ping_status":"open","sticky":false,"template":"","format":"standard","meta":{"footnotes":""},"categories":[7],"tags":[52,92,266],"class_list":{"0":"post-48","1":"post","2":"type-post","3":"status-publish","4":"format-standard","6":"category-illustration","7":"tag-biennale-illustration-enfants","8":"tag-concours","9":"tag-ilustrarte"},"aioseo_notices":[],"_links":{"self":[{"href":"https:\/\/www.artsgraphiques.net\/fr_fr\/wp-json\/wp\/v2\/posts\/48","targetHints":{"allow":["GET"]}}],"collection":[{"href":"https:\/\/www.artsgraphiques.net\/fr_fr\/wp-json\/wp\/v2\/posts"}],"about":[{"href":"https:\/\/www.artsgraphiques.net\/fr_fr\/wp-json\/wp\/v2\/types\/post"}],"author":[{"embeddable":true,"href":"https:\/\/www.artsgraphiques.net\/fr_fr\/wp-json\/wp\/v2\/users\/1"}],"replies":[{"embeddable":true,"href":"https:\/\/www.artsgraphiques.net\/fr_fr\/wp-json\/wp\/v2\/comments?post=48"}],"version-history":[{"count":0,"href":"https:\/\/www.artsgraphiques.net\/fr_fr\/wp-json\/wp\/v2\/posts\/48\/revisions"}],"wp:attachment":[{"href":"https:\/\/www.artsgraphiques.net\/fr_fr\/wp-json\/wp\/v2\/media?parent=48"}],"wp:term":[{"taxonomy":"category","embeddable":true,"href":"https:\/\/www.artsgraphiques.net\/fr_fr\/wp-json\/wp\/v2\/categories?post=48"},{"taxonomy":"post_tag","embeddable":true,"href":"https:\/\/www.artsgraphiques.net\/fr_fr\/wp-json\/wp\/v2\/tags?post=48"}],"curies":[{"name":"wp","href":"https:\/\/api.w.org\/{rel}","templated":true}]}}