{"id":4828,"date":"2011-08-24T12:07:46","date_gmt":"2011-08-24T10:07:46","guid":{"rendered":"http:\/\/illustration.ya-graphic.com\/?p=4828"},"modified":"2011-08-24T12:07:46","modified_gmt":"2011-08-24T10:07:46","slug":"photo-noir-blanc-de-miramas-le-vieux","status":"publish","type":"post","link":"https:\/\/www.artsgraphiques.net\/fr_fr\/photo-noir-blanc-de-miramas-le-vieux\/","title":{"rendered":"Photo (noir &#038; blanc) de Miramas-le-Vieux"},"content":{"rendered":"<p><img fetchpriority=\"high\" decoding=\"async\" class=\"aligncenter size-full wp-image-4829\" title=\"Miramas le Vieux\" src=\"http:\/\/www.artsgraphiques.net\/wp-content\/uploads\/2011\/08\/miramaslevieux_blog1.jpg\" alt=\"Photo (noir &amp; blanc) de Miramas le Vieux\" width=\"595\" height=\"893\" srcset=\"https:\/\/www.artsgraphiques.net\/wp-content\/uploads\/2011\/08\/miramaslevieux_blog1.jpg 595w, https:\/\/www.artsgraphiques.net\/wp-content\/uploads\/2011\/08\/miramaslevieux_blog1-416x624.jpg 416w, https:\/\/www.artsgraphiques.net\/wp-content\/uploads\/2011\/08\/miramaslevieux_blog1-199x300.jpg 199w\" sizes=\"(max-width: 595px) 100vw, 595px\" \/><\/p>\n<p style=\"text-align: justify;\">Cette <strong>photo noir et blanc<\/strong> &#8211; haute r\u00e9solution &#8211; a \u00e9t\u00e9 prise le dimanche 21 ao\u00fbt 2011 \u00e0 <strong>Miramas-le-Vieux<\/strong>. Ce village offre un cadre parfait pour r\u00e9aliser de belles photos de paysage. Bient\u00f4t le blog diffusera d&rsquo;autres photos de ce village des hauteurs sorti tout droit du Moyen-\u00c2ge.<\/p>\n","protected":false},"excerpt":{"rendered":"<p>Cette photo noir et blanc &#8211; haute r\u00e9solution &#8211; a&hellip;<\/p>\n<p> <a class=\"more-link\" href=\"https:\/\/www.artsgraphiques.net\/fr_fr\/photo-noir-blanc-de-miramas-le-vieux\/\">Lire la suite<\/a><\/p>\n","protected":false},"author":1,"featured_media":0,"comment_status":"open","ping_status":"open","sticky":false,"template":"","format":"standard","meta":{"footnotes":""},"categories":[9],"tags":[323,335,356],"class_list":{"0":"post-4828","1":"post","2":"type-post","3":"status-publish","4":"format-standard","6":"category-photo","7":"tag-miramas-le-vieux","8":"tag-noir-et-blanc","9":"tag-paysage"},"aioseo_notices":[],"_links":{"self":[{"href":"https:\/\/www.artsgraphiques.net\/fr_fr\/wp-json\/wp\/v2\/posts\/4828","targetHints":{"allow":["GET"]}}],"collection":[{"href":"https:\/\/www.artsgraphiques.net\/fr_fr\/wp-json\/wp\/v2\/posts"}],"about":[{"href":"https:\/\/www.artsgraphiques.net\/fr_fr\/wp-json\/wp\/v2\/types\/post"}],"author":[{"embeddable":true,"href":"https:\/\/www.artsgraphiques.net\/fr_fr\/wp-json\/wp\/v2\/users\/1"}],"replies":[{"embeddable":true,"href":"https:\/\/www.artsgraphiques.net\/fr_fr\/wp-json\/wp\/v2\/comments?post=4828"}],"version-history":[{"count":0,"href":"https:\/\/www.artsgraphiques.net\/fr_fr\/wp-json\/wp\/v2\/posts\/4828\/revisions"}],"wp:attachment":[{"href":"https:\/\/www.artsgraphiques.net\/fr_fr\/wp-json\/wp\/v2\/media?parent=4828"}],"wp:term":[{"taxonomy":"category","embeddable":true,"href":"https:\/\/www.artsgraphiques.net\/fr_fr\/wp-json\/wp\/v2\/categories?post=4828"},{"taxonomy":"post_tag","embeddable":true,"href":"https:\/\/www.artsgraphiques.net\/fr_fr\/wp-json\/wp\/v2\/tags?post=4828"}],"curies":[{"name":"wp","href":"https:\/\/api.w.org\/{rel}","templated":true}]}}