{"id":4900,"date":"2012-02-16T23:15:15","date_gmt":"2012-02-16T22:15:15","guid":{"rendered":"http:\/\/illustration.ya-graphic.com\/?p=4900"},"modified":"2012-02-16T23:15:15","modified_gmt":"2012-02-16T22:15:15","slug":"semiologie-affiche-de-nicolas-sarkozy-la-france-forte","status":"publish","type":"post","link":"https:\/\/www.artsgraphiques.net\/fr_fr\/semiologie-affiche-de-nicolas-sarkozy-la-france-forte\/","title":{"rendered":"S\u00e9miologie: Affiche de Nicolas Sarkozy \u00ab La France forte \u00bb"},"content":{"rendered":"<p style=\"text-align: justify;\">Je vais d\u00e9crypter l&rsquo;affiche de la campagne 2012 de Nicolas Sarkozy. Je vais \u00eatre le plus objectif possible, r\u00e9aliser une s\u00e9miologie de l&rsquo;image d\u00e9nu\u00e9e d&rsquo;anti-sarkozisme primaire ou m\u00eame de pro-sarkozysme. Si c&rsquo;\u00e9tait le cas l&rsquo;interpr\u00e9tation de l&rsquo;affiche serait fauss\u00e9e d&rsquo;avance.<\/p>\n<figure id=\"attachment_4901\" aria-describedby=\"caption-attachment-4901\" style=\"width: 311px\" class=\"wp-caption alignleft\"><img fetchpriority=\"high\" decoding=\"async\" class=\"size-full wp-image-4901     \" style=\"border-style: initial; border-color: initial; text-align: justify; margin-left: 0px; margin-right: 0px;\" title=\"Affiche de la campagne 2007\" src=\"http:\/\/www.artsgraphiques.net\/wp-content\/uploads\/2012\/02\/affiche_nicolas-sarkozy_campagne-20071.jpg\" alt=\"Affiche de la campagne 2007 de Nicolas Sarkozy\" width=\"311\" height=\"239\" srcset=\"https:\/\/www.artsgraphiques.net\/wp-content\/uploads\/2012\/02\/affiche_nicolas-sarkozy_campagne-20071.jpg 480w, https:\/\/www.artsgraphiques.net\/wp-content\/uploads\/2012\/02\/affiche_nicolas-sarkozy_campagne-20071-416x320.jpg 416w, https:\/\/www.artsgraphiques.net\/wp-content\/uploads\/2012\/02\/affiche_nicolas-sarkozy_campagne-20071-300x230.jpg 300w\" sizes=\"(max-width: 311px) 100vw, 311px\" \/><figcaption id=\"caption-attachment-4901\" class=\"wp-caption-text\">L&#39;affiche de 2007: Ensemble tout devient possible.<\/figcaption><\/figure>\n<p><span style=\"text-align: justify;\">Avant de commencer ce travail de s\u00e9miologie il faut d&rsquo;abord conna\u00eetre et voir la premi\u00e8re affiche de Nicolas Sarkozy, pour sa campagne de 2007. L&rsquo;affiche nous montrait un futur pr\u00e9sident qui nous regardait droit dans les yeux, devant un cadre champ\u00eatre, vert, d\u00e9sert\u00e9 &#8211; signe du repos dans un contexte o\u00f9 la s\u00e9curit\u00e9 \u00e9tait une priorit\u00e9 ? &#8211; un oiseau blanc planait sur le terme \u00ab possible \u00bb du slogan \u00ab Ensemble tout devient possible \u00bb. Cet oiseau est probablement une mouette, voire une colombe qui symboliserait la paix.<\/span><\/p>\n<p style=\"text-align: justify;\">&nbsp;<\/p>\n<figure id=\"attachment_4902\" aria-describedby=\"caption-attachment-4902\" style=\"width: 491px\" class=\"wp-caption aligncenter\"><img decoding=\"async\" class=\"size-full wp-image-4902\" title=\"La France forte\" src=\"http:\/\/www.artsgraphiques.net\/wp-content\/uploads\/2012\/02\/la-france-forte_campagne-sarkozy-20121.jpg\" alt=\"La France forte : Affiche de Nicolas Sarkozy pour sa campagne de 2012\" width=\"491\" height=\"640\" srcset=\"https:\/\/www.artsgraphiques.net\/wp-content\/uploads\/2012\/02\/la-france-forte_campagne-sarkozy-20121.jpg 491w, https:\/\/www.artsgraphiques.net\/wp-content\/uploads\/2012\/02\/la-france-forte_campagne-sarkozy-20121-416x542.jpg 416w, https:\/\/www.artsgraphiques.net\/wp-content\/uploads\/2012\/02\/la-france-forte_campagne-sarkozy-20121-230x300.jpg 230w\" sizes=\"(max-width: 491px) 100vw, 491px\" \/><figcaption id=\"caption-attachment-4902\" class=\"wp-caption-text\">L&#39;affiche de 2012: La France forte.<\/figcaption><\/figure>\n<h3 style=\"text-align: justify;\">La couleur dominante : le bleu.<\/h3>\n<p style=\"text-align: justify;\">Le bleu est dominant. Dans la psychologie des couleurs le bleu est une couleur qui apaise, c&rsquo;est une couleur relaxante, c&rsquo;est la couleur du calme, de la\u00a0tranquillit\u00e9. C&rsquo;est une couleur propice au repos.\u00a0Imaginez le ciel bleu&#8230; Symboliquement le bleu est une couleur divine, elle\u00a0v\u00e9hicule des impressions de loyaut\u00e9, de justice, de tol\u00e9rance, d&rsquo;\u00e9quilibre, de contr\u00f4le de soi.<\/p>\n<p style=\"text-align: justify;\">Un l\u00e9ger jaune appara\u00eet \u00e0 l&rsquo;horizon. C&rsquo;est le soleil qui se l\u00e8ve ou qui se couche. Cette couleur fait \u00e9cho \u00e0 la couleur du visage de Nicolas Sarkozy. Est-ce que Nicolas Sarkozy est un soleil ? Le soleil c&rsquo;est l&rsquo;\u00e9toile la plus proche de la Terre.\u00a0C&rsquo;est la principale source d&rsquo;\u00e9nergie,\u00a0de chaleur\u00a0et\u00a0de lumi\u00e8re dans le Syst\u00e8me solaire. Les scientifiques affirment que le soleil a permis la vie sur Terre. Ainsi, sans Nicolas Sarkozy, ce serait la fin ? L&rsquo;obscurit\u00e9 ? Les t\u00e9n\u00e8bres ? La mort ? C&rsquo;est ce que voudrait signifier l&rsquo;image.<\/p>\n<p style=\"text-align: justify;\">Il faut noter que par rapport \u00e0 2007 les nuages n&rsquo;ont plus de place. En effet, les nuages au-dessus de la mer sont le signe qu&rsquo;une temp\u00eate se pr\u00e9pare. Sur l&rsquo;eau il serait bien difficile de trouver refuge.<\/p>\n<h3 style=\"text-align: justify;\">La position.<\/h3>\n<p style=\"text-align: justify;\">Ce qui frappe d&rsquo;abord notre regard, c&rsquo;est la position du corps. En 2007 Nicolas Sarkozy nous montrait son c\u00f4t\u00e9 gauche, en 2012 le candidat nous montre son c\u00f4t\u00e9 droit.<\/p>\n<h3 style=\"text-align: justify;\">Son visage.<\/h3>\n<p style=\"text-align: justify;\">Ses cheveux sont grisonnants, c&rsquo;est probablement le signe d&rsquo;un homme qui a acquis depuis fort longtemps une certaine maturit\u00e9, de l&rsquo;exp\u00e9rience et donc une certaine sagesse. Les rides du visage appuient cette id\u00e9e. Nicolas Sarkozy a un visage s\u00e9rieux, il veut montrer du courage, de la pers\u00e9v\u00e9rance devant l&rsquo;\u00e2pret\u00e9 du temps. C&rsquo;est le temps que nous traversons, fait de turbulences de la crise, du ch\u00f4mage, des dettes de l&rsquo;\u00c9tat, et autres fl\u00e9aux. Il est s\u00e9rieux et courageux, mais un l\u00e9ger sourire marqu\u00e9 par la pliure de la joue montre que ce qu&rsquo;il vise du regard est plut\u00f4t positif. Il voit ce que nous ne voyons pas.<\/p>\n<p style=\"text-align: justify;\">Le candidat de 2012 a le regard vers la droite &#8211; une r\u00e9currence dans l&rsquo;affiche. M\u00eame si pour le candidat nous r\u00e9p\u00e8te que la croissance n&rsquo;est pas une question de gauche ou de droite l&rsquo;affiche nous montre un candidat tourn\u00e9 vers la droite, c&rsquo;est un signe \u00e0 ne pas n\u00e9gliger dans une affiche qui veut donner du sens. Une affiche se pr\u00e9pare pendant plusieurs jours, les choix ne sont pas un hasard.<\/p>\n<h3 style=\"text-align: justify;\">Le costume.<\/h3>\n<p style=\"text-align: justify;\">Il est noir. La cravate a chang\u00e9. En 2007 elle \u00e9tait bleue, en 2012 elle est noire, la texture semble \u00e9voquer la cotte de mailles. Pour ceux qui ne le savent pas la cotte de mailles est un v\u00eatement constitu\u00e9 d&rsquo;une pi\u00e8ce rigide, m\u00e9tallique, cr\u00e9\u00e9e pour prot\u00e9ger le corps. La cotte de mailles est souple et permet une libert\u00e9 de mouvement.<\/p>\n<p style=\"text-align: justify;\">A la gauche du costume &#8211; pour changer &#8211; il y a la rosette sur pin&rsquo;s &#8211; pour le revers de veste &#8211; que nous retrouvons \u00e9galement sur le costume de 2007, cinq ans auparavant. C&rsquo;est le signe de la L\u00e9gion d&rsquo;Honneur. Il y a d&rsquo;autres d\u00e9clinaisons de la L\u00e9gion d&rsquo;Honneur, la rosette sur pin&rsquo;s est plut\u00f4t discr\u00e8te compar\u00e9e aux autres.<\/p>\n<p style=\"text-align: justify;\">Dans l&rsquo;affiche de 2012 nous ne voyons plus que le buste du pr\u00e9sident candidat. L&rsquo;attention est port\u00e9e sur le visage.<\/p>\n<h3 style=\"text-align: justify;\">A l&rsquo;horizon, l&rsquo;inconnu.<\/h3>\n<p style=\"text-align: justify;\">Nous ne savons pas o\u00f9 nous allons, mais le candidat, lui, semble savoir o\u00f9 il veut nous mener. Nous nous souvenons des propos du candidat du Front de Gauche, Jean-Luc M\u00e9lenchon, \u00e0 l&rsquo;encontre du candidat du Parti Socialiste Fran\u00e7ois Hollande : \u00ab un capitaine de p\u00e9dalo \u00bb dans une temp\u00eate. Le candidat le l&rsquo;UMP s&rsquo;inscrit dans cette image. Nous voyons une \u00e9tendue d&rsquo;eau, une mer ou un oc\u00e9an calme.<\/p>\n<figure id=\"attachment_4909\" aria-describedby=\"caption-attachment-4909\" style=\"width: 300px\" class=\"wp-caption alignleft\"><img decoding=\"async\" class=\"size-medium wp-image-4909 \" style=\"margin-left: 5px; margin-right: 5px;\" title=\"Temp\u00eate sur les c\u00f4tes de Belle-Ile\" src=\"http:\/\/www.artsgraphiques.net\/wp-content\/uploads\/2012\/02\/tempete-belle-ile_gudin1-300x188.jpg\" alt=\"Temp\u00eate sur les c\u00f4tes de Belle-Ile - Quimper, Mus\u00e9e des Beaux-Arts\" width=\"300\" height=\"188\" srcset=\"https:\/\/www.artsgraphiques.net\/wp-content\/uploads\/2012\/02\/tempete-belle-ile_gudin1-300x188.jpg 300w, https:\/\/www.artsgraphiques.net\/wp-content\/uploads\/2012\/02\/tempete-belle-ile_gudin1-416x261.jpg 416w, https:\/\/www.artsgraphiques.net\/wp-content\/uploads\/2012\/02\/tempete-belle-ile_gudin1.jpg 425w\" sizes=\"(max-width: 300px) 100vw, 300px\" \/><figcaption id=\"caption-attachment-4909\" class=\"wp-caption-text\">\u00ab Temp\u00eate sur les c\u00f4tes de Belle-Ile \u00bb. Quimper, Mus\u00e9e des Beaux-Arts<\/figcaption><\/figure>\n<p style=\"text-align: justify;\">Sur LeMonde.fr Alexandre L\u00e9chenet\u00a0r\u00e9v\u00e8le qu&rsquo;il s&rsquo;agit de la mer\u00a0\u00c9g\u00e9e, qui borde la Gr\u00e8ce. Nous connaissons tous la situation actuelle de la Gr\u00e8ce, un pays proche de la faillite. L&rsquo;image d&rsquo;une mer d\u00e9cha\u00een\u00e9e en pleine temp\u00eate serait plus appropri\u00e9e, pensez aux peintures du XIX\u00e8me si\u00e8cle qui ont repr\u00e9sent\u00e9 la temp\u00eate &#8211; <em>Temp\u00eate sur les c\u00f4tes de Belle-\u00eele<\/em>, de Th\u00e9odore Gudin (1802-1880), <em>La temp\u00eate ou l&rsquo;\u00e9pave<\/em> de Th\u00e9odore G\u00e9ricault\u00a0(1791-1824) et bien d&rsquo;autres&#8230; Au lieu de cela nous voyons une mer calme, tranquille. Nicolas Sarkozy tourne le dos vers la mer. Dans une image ou une photo le cadre devant lequel une personne est pos\u00e9e est cens\u00e9 r\u00e9v\u00e9ler l&rsquo;\u00e9tat d&rsquo;esprit de cette personne. Nicolas Sarkozy n&rsquo;ignore pas la Gr\u00e8ce, un pays membre de l&rsquo;Union Europ\u00e9enne, il lui voit un futur meilleur et il veut nous y emmener.<\/p>\n<p style=\"text-align: justify;\">Par ailleurs il faut rappeler que la mer \u00c9g\u00e9e est li\u00e9e \u00e0 la mer M\u00e9diterran\u00e9e, une mer commune \u00e0 plusieurs pays, \u00e0 plusieurs continents : l&rsquo;Europe, l&rsquo;Afrique et l&rsquo;Asie. La mer calme rassemble. Chacun peut la traverser dans le calme, loin de la temp\u00eate.<\/p>\n<figure id=\"attachment_4912\" aria-describedby=\"caption-attachment-4912\" style=\"width: 567px\" class=\"wp-caption aligncenter\"><img loading=\"lazy\" decoding=\"async\" class=\"size-full wp-image-4912 \" title=\"Mer \u00c9g\u00e9e\" src=\"http:\/\/www.artsgraphiques.net\/wp-content\/uploads\/2012\/02\/mer-egee_google-maps1.jpg\" alt=\"Mer \u00c9g\u00e9e, Gr\u00e8ce\" width=\"567\" height=\"286\" srcset=\"https:\/\/www.artsgraphiques.net\/wp-content\/uploads\/2012\/02\/mer-egee_google-maps1.jpg 567w, https:\/\/www.artsgraphiques.net\/wp-content\/uploads\/2012\/02\/mer-egee_google-maps1-416x210.jpg 416w, https:\/\/www.artsgraphiques.net\/wp-content\/uploads\/2012\/02\/mer-egee_google-maps1-300x151.jpg 300w\" sizes=\"(max-width: 567px) 100vw, 567px\" \/><figcaption id=\"caption-attachment-4912\" class=\"wp-caption-text\">Mer \u00c9g\u00e9e, entre la Gr\u00e8ce et la Turquie<\/figcaption><\/figure>\n<p style=\"text-align: justify;\"><span style=\"text-align: justify;\">Dans cette image Nicolas Sarkozy montre l&rsquo;apaisement, comme en 2007, dans le contexte d&rsquo;une campagne bas\u00e9e sur la s\u00e9curit\u00e9 int\u00e9rieure de l&rsquo;Hexagone. Nous nous souvenons tous de la d\u00e9claration priv\u00e9e de l&rsquo;ancien candidat en parlant des banlieues qu&rsquo;il voulait \u00ab nettoyer au k\u00e4rcher \u00bb. Aujourd&rsquo;hui, apr\u00e8s 5 ann\u00e9es de gouvernance, Nicolas Sarkozy veut une France forte.<\/span><\/p>\n<h3 style=\"text-align: justify;\">Le slogan : \u00ab La France forte \u00bb<\/h3>\n<p style=\"text-align: justify;\">Rien dans cette affiche n&rsquo;affirme que la France est faible et fragile. Il y a un slogan plut\u00f4t concis par rapport \u00e0 2007 : \u00ab La France forte \u00bb. Le candidat est clair et va droit au but, il parle d&rsquo;un pays fort. Il aurait pu dire \u00ab Des Fran\u00e7ais forts \u00bb, mais il a choisi la nation, l&rsquo;\u00c9tat, avec son ensemble de Fran\u00e7ais et d&rsquo;\u00e9trangers.<\/p>\n<p style=\"text-align: justify;\">Derri\u00e8re l&rsquo;id\u00e9e de force il y a celle de courage, d&rsquo;invuln\u00e9rabilit\u00e9 et d&rsquo;invincibilit\u00e9. Le terme fort est de la m\u00eame famille que forteresse et fortification. Nous pensons \u00e0 un ch\u00e2teau, \u00e0 un fort, un lieu solide et prot\u00e9g\u00e9. Un lieu qui traverse l&rsquo;adversit\u00e9 et le temps, un lieu prot\u00e9g\u00e9 de la destruction.<\/p>\n<p style=\"text-align: justify;\">Ce slogan nous rappelle celui de Val\u00e9rie Giscard d&rsquo;Estaing, pendant sa campagne pr\u00e9sidentielle de 1981, c&rsquo;\u00e9tait \u00ab\u00a0Il faut une France forte\u00a0\u00bb. C&rsquo;est probablement ici une strat\u00e9gie \u00e9lectorale qui consiste \u00e0 attirer des \u00e9lecteurs de Fran\u00e7ois Bayrou, ancien membre de l&rsquo;UDF (Union pour la d\u00e9mocratie fran\u00e7aise), un parti dont le MoDem est le successeur.<\/p>\n","protected":false},"excerpt":{"rendered":"<p>Je vais d\u00e9crypter l&rsquo;affiche de la campagne 2012 de Nicolas&hellip;<\/p>\n<p> <a class=\"more-link\" href=\"https:\/\/www.artsgraphiques.net\/fr_fr\/semiologie-affiche-de-nicolas-sarkozy-la-france-forte\/\">Lire la suite<\/a><\/p>\n","protected":false},"author":1,"featured_media":0,"comment_status":"open","ping_status":"open","sticky":false,"template":"","format":"standard","meta":{"footnotes":""},"categories":[10],"tags":[65,333],"class_list":{"0":"post-4900","1":"post","2":"type-post","3":"status-publish","4":"format-standard","6":"category-semiologie","7":"tag-campagne-2012","8":"tag-nicolas-sarkozy"},"aioseo_notices":[],"_links":{"self":[{"href":"https:\/\/www.artsgraphiques.net\/fr_fr\/wp-json\/wp\/v2\/posts\/4900","targetHints":{"allow":["GET"]}}],"collection":[{"href":"https:\/\/www.artsgraphiques.net\/fr_fr\/wp-json\/wp\/v2\/posts"}],"about":[{"href":"https:\/\/www.artsgraphiques.net\/fr_fr\/wp-json\/wp\/v2\/types\/post"}],"author":[{"embeddable":true,"href":"https:\/\/www.artsgraphiques.net\/fr_fr\/wp-json\/wp\/v2\/users\/1"}],"replies":[{"embeddable":true,"href":"https:\/\/www.artsgraphiques.net\/fr_fr\/wp-json\/wp\/v2\/comments?post=4900"}],"version-history":[{"count":0,"href":"https:\/\/www.artsgraphiques.net\/fr_fr\/wp-json\/wp\/v2\/posts\/4900\/revisions"}],"wp:attachment":[{"href":"https:\/\/www.artsgraphiques.net\/fr_fr\/wp-json\/wp\/v2\/media?parent=4900"}],"wp:term":[{"taxonomy":"category","embeddable":true,"href":"https:\/\/www.artsgraphiques.net\/fr_fr\/wp-json\/wp\/v2\/categories?post=4900"},{"taxonomy":"post_tag","embeddable":true,"href":"https:\/\/www.artsgraphiques.net\/fr_fr\/wp-json\/wp\/v2\/tags?post=4900"}],"curies":[{"name":"wp","href":"https:\/\/api.w.org\/{rel}","templated":true}]}}