{"id":5309,"date":"2014-05-14T23:13:46","date_gmt":"2014-05-14T21:13:46","guid":{"rendered":"http:\/\/www.artsgraphiques.net\/?p=5309"},"modified":"2014-05-14T23:59:21","modified_gmt":"2014-05-14T21:59:21","slug":"interview-co-fondateur-miseajour-vente-de-t-shirts-en-ligne","status":"publish","type":"post","link":"https:\/\/www.artsgraphiques.net\/fr_fr\/interview-co-fondateur-miseajour-vente-de-t-shirts-en-ligne\/","title":{"rendered":"Interview : co-fondateur de \u00ab Mise \u00e0 jour \u00bb (vente de t-shirts en ligne)"},"content":{"rendered":"<p>Au mois de mars 2014 j&rsquo;avais publi\u00e9 <a href=\"http:\/\/www.artsgraphiques.net\/2014\/03\/interview-co-fondateur-boutique-en-ligne-mise-a-jour\/\">une interview du co-fondateur du site Miseajour.ch<\/a>, site e-commerce de t-shirts. Je vous propose aujourd&rsquo;hui une suite. Le but \u00e9tait de proposer une interview en deux parties. La seconde partie est ax\u00e9e sur le produit, notamment le design des motifs.<\/p>\n<p>D&rsquo;abord comment je trouve ce t-shirt ? Il est de qualit\u00e9. On le sent au touch\u00e9. Apr\u00e8s 3 lavages il garde sa couleur &#8211; orange pour ma part &#8211; et la qualit\u00e9 du motif est pr\u00e9serv\u00e9e. C&rsquo;est peut-\u00eatre aussi parce que j&rsquo;ai un lave-linge LG tout neuf.<!--more--><\/p>\n<p>Il y a une seule chose que je trouve dommage dans ce t-shirt, c&rsquo;est le QR code flanqu\u00e9 \u00e0 l&rsquo;arri\u00e8re du t-shirt, sur le c\u00f4t\u00e9 sup\u00e9rieur droit &#8211; voir photo ci-dessous. Le QR code vous redirige tout droit vers la page Facebook de Mise \u00e0 jour. Si quelqu&rsquo;un derri\u00e8re vous scanne le dos avec un smartphone, ne vous effrayez pas, c&rsquo;est normal. Avec ce QR Code dans le dos on a l&rsquo;impression d&rsquo;\u00eatre une borne de publicit\u00e9 ambulante. A cause de \u00e7a je le porte tr\u00e8s rarement. Ce n&rsquo;est que mon avis bien s\u00fbr. Pour d&rsquo;autres personnes ce n&rsquo;est qu&rsquo;un d\u00e9tail.<\/p>\n<p><img fetchpriority=\"high\" decoding=\"async\" class=\"alignnone size-full wp-image-5310\" style=\"border: 0px;\" src=\"http:\/\/www.artsgraphiques.net\/wp-content\/uploads\/2014\/05\/qr-code-tshirt-miseajour.jpg\" alt=\"QR Code derri\u00e8re le t-shirt de miseajour.ch\" width=\"540\" height=\"540\" srcset=\"https:\/\/www.artsgraphiques.net\/wp-content\/uploads\/2014\/05\/qr-code-tshirt-miseajour.jpg 540w, https:\/\/www.artsgraphiques.net\/wp-content\/uploads\/2014\/05\/qr-code-tshirt-miseajour-500x500.jpg 500w, https:\/\/www.artsgraphiques.net\/wp-content\/uploads\/2014\/05\/qr-code-tshirt-miseajour-100x100.jpg 100w, https:\/\/www.artsgraphiques.net\/wp-content\/uploads\/2014\/05\/qr-code-tshirt-miseajour-416x416.jpg 416w, https:\/\/www.artsgraphiques.net\/wp-content\/uploads\/2014\/05\/qr-code-tshirt-miseajour-150x150.jpg 150w, https:\/\/www.artsgraphiques.net\/wp-content\/uploads\/2014\/05\/qr-code-tshirt-miseajour-300x300.jpg 300w\" sizes=\"(max-width: 540px) 100vw, 540px\" \/><\/p>\n<p>Ce que je trouve bien c&rsquo;est l&rsquo;\u00e9tiquette en carton recycl\u00e9 et son design &#8211; photo ci-dessous. La pr\u00e9sentation est bonne, \u00e7a donne pas envie de le jeter. Mais on ne peut rien faire avec. Un marque-page peut-\u00eatre ?<\/p>\n<p><img decoding=\"async\" class=\"alignnone size-full wp-image-5312\" style=\"border: 0px;\" src=\"http:\/\/www.artsgraphiques.net\/wp-content\/uploads\/2014\/05\/etiquette-carton-t-shirt-miseajour.jpg\" alt=\"\u00c9tiquette de t-shirt en carton recycl\u00e9\" width=\"540\" height=\"960\" srcset=\"https:\/\/www.artsgraphiques.net\/wp-content\/uploads\/2014\/05\/etiquette-carton-t-shirt-miseajour.jpg 540w, https:\/\/www.artsgraphiques.net\/wp-content\/uploads\/2014\/05\/etiquette-carton-t-shirt-miseajour-416x740.jpg 416w, https:\/\/www.artsgraphiques.net\/wp-content\/uploads\/2014\/05\/etiquette-carton-t-shirt-miseajour-168x300.jpg 168w\" sizes=\"(max-width: 540px) 100vw, 540px\" \/><\/p>\n<p>Aller, tr\u00eave de bavardage. Je vous pr\u00e9sente la seconde partie de l&rsquo;interview.<\/p>\n<p><strong>1. Comment choisissez-vous les couleurs et la police du texte ?<\/strong><\/p>\n<p>Nous avons brief\u00e9 un atelier de graphisme &#8211; www.a3studio.ch &#8211;\u00a0en leur demandant qu&rsquo;ils d\u00e9veloppent la ligne graphique et nous proposent des coloris et des styles typographiques en corr\u00e9lation de l&rsquo;identit\u00e9 de marque que nous voulions imposer. Suite \u00e0 leur proposition, nous avons s\u00e9lectionn\u00e9 les pistes qui nous semblaient \u00eatre les plus pertinentes pour notre produit fini.<\/p>\n<p><strong>2. Et les expressions affich\u00e9es dans vos t-shirts ? D&rsquo;o\u00f9 vous viennent vos id\u00e9es ?<\/strong><\/p>\n<p>Les phrases sont les r\u00e9sultats de nos aspirations philosophiques, remani\u00e9es en phase avec les n\u00e9ologismes de l\u2019\u00e9poque, selon nos codes et notre humour.<\/p>\n<p><strong>3. Le texte est majoritairement francophone, pourquoi ce choix ?<\/strong><\/p>\n<p>Ancrer la marque en fran\u00e7ais fait partie de notre r\u00e9flexion. D&rsquo;une part pour la d\u00e9fense de notre belle langue et d&rsquo;une autre pour ne pas b\u00eatement subir le dictat du \u00ab\u00a0tout en anglais\u00a0\u00bb que subissent les marques qui veulent \u00e0 tout prix plaire \u00ab en anglais\u00a0\u00bb. Nous avons cependant cr\u00e9\u00e9 une signature de marque en anglais afin d&rsquo;aussi nous positionner comme une marque \u00ab internationale \u00bb.<\/p>\n<p><strong>4. Pourquoi du texte uniquement ?<\/strong><\/p>\n<p>La force du concept se trouve derri\u00e8re les mots, nous avons donc d\u00e9cid\u00e9 de nous focaliser sur le texte afin de servir au mieux notre id\u00e9e.<\/p>\n<p><strong>5. Ne pensez-vous pas que le message d&rsquo;une image est universel contrairement au texte ?<\/strong><\/p>\n<p>L&rsquo;universalit\u00e9 d&rsquo;une image est relative, un symbole peut avoir une signification diff\u00e9rente suivant la position g\u00e9ographique, les mots, eux, ne trichent pas, il y a qu&rsquo;une seule d\u00e9finition derri\u00e8re un mot.<\/p>\n","protected":false},"excerpt":{"rendered":"<p>Au mois de mars 2014 j&rsquo;avais publi\u00e9 une interview du&hellip;<\/p>\n<p> <a class=\"more-link\" href=\"https:\/\/www.artsgraphiques.net\/fr_fr\/interview-co-fondateur-miseajour-vente-de-t-shirts-en-ligne\/\">Lire la suite<\/a><\/p>\n","protected":false},"author":1,"featured_media":0,"comment_status":"open","ping_status":"open","sticky":false,"template":"","format":"standard","meta":{"footnotes":""},"categories":[478],"tags":[536,166,535],"class_list":{"0":"post-5309","1":"post","2":"type-post","3":"status-publish","4":"format-standard","6":"category-design-graphique-2","7":"tag-boutique-en-ligne","8":"tag-e-commerce","9":"tag-t-shirt"},"aioseo_notices":[],"_links":{"self":[{"href":"https:\/\/www.artsgraphiques.net\/fr_fr\/wp-json\/wp\/v2\/posts\/5309","targetHints":{"allow":["GET"]}}],"collection":[{"href":"https:\/\/www.artsgraphiques.net\/fr_fr\/wp-json\/wp\/v2\/posts"}],"about":[{"href":"https:\/\/www.artsgraphiques.net\/fr_fr\/wp-json\/wp\/v2\/types\/post"}],"author":[{"embeddable":true,"href":"https:\/\/www.artsgraphiques.net\/fr_fr\/wp-json\/wp\/v2\/users\/1"}],"replies":[{"embeddable":true,"href":"https:\/\/www.artsgraphiques.net\/fr_fr\/wp-json\/wp\/v2\/comments?post=5309"}],"version-history":[{"count":10,"href":"https:\/\/www.artsgraphiques.net\/fr_fr\/wp-json\/wp\/v2\/posts\/5309\/revisions"}],"predecessor-version":[{"id":5318,"href":"https:\/\/www.artsgraphiques.net\/fr_fr\/wp-json\/wp\/v2\/posts\/5309\/revisions\/5318"}],"wp:attachment":[{"href":"https:\/\/www.artsgraphiques.net\/fr_fr\/wp-json\/wp\/v2\/media?parent=5309"}],"wp:term":[{"taxonomy":"category","embeddable":true,"href":"https:\/\/www.artsgraphiques.net\/fr_fr\/wp-json\/wp\/v2\/categories?post=5309"},{"taxonomy":"post_tag","embeddable":true,"href":"https:\/\/www.artsgraphiques.net\/fr_fr\/wp-json\/wp\/v2\/tags?post=5309"}],"curies":[{"name":"wp","href":"https:\/\/api.w.org\/{rel}","templated":true}]}}