{"id":5374,"date":"2014-12-10T21:40:25","date_gmt":"2014-12-10T20:40:25","guid":{"rendered":"http:\/\/www.artsgraphiques.net\/?p=5374"},"modified":"2014-12-10T21:40:25","modified_gmt":"2014-12-10T20:40:25","slug":"photos-plage-fos-sur-mer-cavaou","status":"publish","type":"post","link":"https:\/\/www.artsgraphiques.net\/fr_fr\/photos-plage-fos-sur-mer-cavaou\/","title":{"rendered":"5 photos de la plage de Fos-sur-Mer (Cavaou)"},"content":{"rendered":"<p>Il n&rsquo;y a pas qu&rsquo;en \u00e9t\u00e9 que les gens vont \u00e0 la\u00a0<strong>plage<\/strong> de <strong>Fos-sur-Mer (Cavaou)<\/strong>. La plage est fr\u00e9quent\u00e9e en automne non seulement pour se promener seul, avec son chien ou en famille, mais aussi pour faire du kitesurf, ce qui offre des sc\u00e8nes int\u00e9ressantes pour la <a href=\"http:\/\/www.artsgraphiques.net\/categorie\/photo\/\">photographie<\/a>.<\/p>\n<p>Cet automne 2014 j&rsquo;ai pris ces quelques photos de la plage Cavaou. Cliquez sur chaque photo\u00a0pour la voir en grande taille, vous serez redirig\u00e9s vers le site Flickr.com.<\/p>\n<h2>1. Futebol<\/h2>\n<p><a href=\"https:\/\/www.flickr.com\/photos\/ya-graphic-design\/15627537809\/\"><img fetchpriority=\"high\" decoding=\"async\" class=\"alignnone size-full wp-image-5375\" title=\"Fos-sur-Mer\" src=\"http:\/\/www.artsgraphiques.net\/wp-content\/uploads\/2014\/12\/Fos-sur-Mer-plage-Cavaou-07.png\" alt=\"Football sur la plage de Cavaou \u00e0 Fos-sur-Mer\" width=\"600\" height=\"508\" srcset=\"https:\/\/www.artsgraphiques.net\/wp-content\/uploads\/2014\/12\/Fos-sur-Mer-plage-Cavaou-07.png 600w, https:\/\/www.artsgraphiques.net\/wp-content\/uploads\/2014\/12\/Fos-sur-Mer-plage-Cavaou-07-416x352.png 416w, https:\/\/www.artsgraphiques.net\/wp-content\/uploads\/2014\/12\/Fos-sur-Mer-plage-Cavaou-07-300x254.png 300w\" sizes=\"(max-width: 600px) 100vw, 600px\" \/><\/a><\/p>\n<h2>2. La course<\/h2>\n<p><a href=\"https:\/\/www.flickr.com\/photos\/ya-graphic-design\/15572410310\/\"><img decoding=\"async\" class=\"alignnone size-full wp-image-5376\" title=\"Fos-sur-Mer\" src=\"http:\/\/www.artsgraphiques.net\/wp-content\/uploads\/2014\/12\/Fos-sur-Mer-plage-Cavaou-04.png\" alt=\"Course sur la plage de Cavaou (Fos-sur-Mer)\" width=\"600\" height=\"400\" srcset=\"https:\/\/www.artsgraphiques.net\/wp-content\/uploads\/2014\/12\/Fos-sur-Mer-plage-Cavaou-04.png 600w, https:\/\/www.artsgraphiques.net\/wp-content\/uploads\/2014\/12\/Fos-sur-Mer-plage-Cavaou-04-416x277.png 416w, https:\/\/www.artsgraphiques.net\/wp-content\/uploads\/2014\/12\/Fos-sur-Mer-plage-Cavaou-04-300x200.png 300w\" sizes=\"(max-width: 600px) 100vw, 600px\" \/><!--more--><\/a><\/p>\n<h2>3. Silhouettes<\/h2>\n<p><a href=\"https:\/\/www.flickr.com\/photos\/ya-graphic-design\/15193403734\/\"><img decoding=\"async\" class=\"alignnone size-full wp-image-5377\" title=\"Silhouettes\" src=\"http:\/\/www.artsgraphiques.net\/wp-content\/uploads\/2014\/12\/Fos-sur-Mer-plage-Cavaou-05.png\" alt=\"Silhouettes sur la plage de Cavaou \u00e0 Fos-sur-Mer\" width=\"600\" height=\"400\" srcset=\"https:\/\/www.artsgraphiques.net\/wp-content\/uploads\/2014\/12\/Fos-sur-Mer-plage-Cavaou-05.png 600w, https:\/\/www.artsgraphiques.net\/wp-content\/uploads\/2014\/12\/Fos-sur-Mer-plage-Cavaou-05-416x277.png 416w, https:\/\/www.artsgraphiques.net\/wp-content\/uploads\/2014\/12\/Fos-sur-Mer-plage-Cavaou-05-300x200.png 300w\" sizes=\"(max-width: 600px) 100vw, 600px\" \/><\/a><\/p>\n<h2>4. Pelle, seau et rateau<\/h2>\n<p><a href=\"https:\/\/www.flickr.com\/photos\/ya-graphic-design\/15743787156\/\"><img loading=\"lazy\" decoding=\"async\" class=\"alignnone size-full wp-image-5378\" title=\"Pelle, seau et rateau\" src=\"http:\/\/www.artsgraphiques.net\/wp-content\/uploads\/2014\/12\/Fos-sur-Mer-plage-Cavaou-06.png\" alt=\"Pelle, seau et rateau : jeu d'enfant sur la plage de Fos-sur-Mer\" width=\"600\" height=\"1145\" srcset=\"https:\/\/www.artsgraphiques.net\/wp-content\/uploads\/2014\/12\/Fos-sur-Mer-plage-Cavaou-06.png 600w, https:\/\/www.artsgraphiques.net\/wp-content\/uploads\/2014\/12\/Fos-sur-Mer-plage-Cavaou-06-416x794.png 416w, https:\/\/www.artsgraphiques.net\/wp-content\/uploads\/2014\/12\/Fos-sur-Mer-plage-Cavaou-06-157x300.png 157w, https:\/\/www.artsgraphiques.net\/wp-content\/uploads\/2014\/12\/Fos-sur-Mer-plage-Cavaou-06-536x1024.png 536w\" sizes=\"(max-width: 600px) 100vw, 600px\" \/><\/a><\/p>\n<h2>5. Famille<\/h2>\n<p><a href=\"https:\/\/www.flickr.com\/photos\/ya-graphic-design\/15563260100\/\"><img loading=\"lazy\" decoding=\"async\" class=\"alignnone size-full wp-image-5381\" title=\"Famille\" src=\"http:\/\/www.artsgraphiques.net\/wp-content\/uploads\/2014\/12\/Fos-sur-Mer-plage-Cavaou-08.png\" alt=\"Famille sur la plage de Fos-sur-Mer\" width=\"600\" height=\"468\" srcset=\"https:\/\/www.artsgraphiques.net\/wp-content\/uploads\/2014\/12\/Fos-sur-Mer-plage-Cavaou-08.png 600w, https:\/\/www.artsgraphiques.net\/wp-content\/uploads\/2014\/12\/Fos-sur-Mer-plage-Cavaou-08-416x324.png 416w, https:\/\/www.artsgraphiques.net\/wp-content\/uploads\/2014\/12\/Fos-sur-Mer-plage-Cavaou-08-300x234.png 300w\" sizes=\"(max-width: 600px) 100vw, 600px\" \/><\/a><\/p>\n","protected":false},"excerpt":{"rendered":"<p>Il n&rsquo;y a pas qu&rsquo;en \u00e9t\u00e9 que les gens vont&hellip;<\/p>\n<p> <a class=\"more-link\" href=\"https:\/\/www.artsgraphiques.net\/fr_fr\/photos-plage-fos-sur-mer-cavaou\/\">Lire la suite<\/a><\/p>\n","protected":false},"author":1,"featured_media":0,"comment_status":"open","ping_status":"open","sticky":false,"template":"","format":"standard","meta":{"footnotes":""},"categories":[9],"tags":[549,548,189,546,373,547],"class_list":{"0":"post-5374","1":"post","2":"type-post","3":"status-publish","4":"format-standard","6":"category-photo","7":"tag-automne","8":"tag-cavaou","9":"tag-flickr","10":"tag-fos-sur-mer","11":"tag-photographie","12":"tag-plage"},"aioseo_notices":[],"_links":{"self":[{"href":"https:\/\/www.artsgraphiques.net\/fr_fr\/wp-json\/wp\/v2\/posts\/5374","targetHints":{"allow":["GET"]}}],"collection":[{"href":"https:\/\/www.artsgraphiques.net\/fr_fr\/wp-json\/wp\/v2\/posts"}],"about":[{"href":"https:\/\/www.artsgraphiques.net\/fr_fr\/wp-json\/wp\/v2\/types\/post"}],"author":[{"embeddable":true,"href":"https:\/\/www.artsgraphiques.net\/fr_fr\/wp-json\/wp\/v2\/users\/1"}],"replies":[{"embeddable":true,"href":"https:\/\/www.artsgraphiques.net\/fr_fr\/wp-json\/wp\/v2\/comments?post=5374"}],"version-history":[{"count":5,"href":"https:\/\/www.artsgraphiques.net\/fr_fr\/wp-json\/wp\/v2\/posts\/5374\/revisions"}],"predecessor-version":[{"id":5386,"href":"https:\/\/www.artsgraphiques.net\/fr_fr\/wp-json\/wp\/v2\/posts\/5374\/revisions\/5386"}],"wp:attachment":[{"href":"https:\/\/www.artsgraphiques.net\/fr_fr\/wp-json\/wp\/v2\/media?parent=5374"}],"wp:term":[{"taxonomy":"category","embeddable":true,"href":"https:\/\/www.artsgraphiques.net\/fr_fr\/wp-json\/wp\/v2\/categories?post=5374"},{"taxonomy":"post_tag","embeddable":true,"href":"https:\/\/www.artsgraphiques.net\/fr_fr\/wp-json\/wp\/v2\/tags?post=5374"}],"curies":[{"name":"wp","href":"https:\/\/api.w.org\/{rel}","templated":true}]}}